{"id":869,"date":"2013-08-06T16:15:05","date_gmt":"2013-08-06T16:15:05","guid":{"rendered":"http:\/\/balbucio.com\/?p=869"},"modified":"2013-09-09T00:45:17","modified_gmt":"2013-09-09T00:45:17","slug":"gelo-ogival","status":"publish","type":"post","link":"http:\/\/balbucio.com\/?p=869","title":{"rendered":"Gelo Ogival"},"content":{"rendered":"<p>Data: 11\/08\/2005<br \/>\nLocal: Avenida da Universidade, Benfica<\/p>\n<p>A obra rememora o epis\u00f3dio do ataque da bomba at\u00f4mica \u00e0 cidade de Hiroshima. Em uma das faixas da Avenida da Universidade, em Fortaleza &#8211; CE, performers trajados com macac\u00f5es industriais montaram um \u201ccemit\u00e9rio de gelo\u201d, no qual cerca de duzentas barras do material \u2013 n\u00famero que faz refer\u00eancia aos mais de 200 mil mortos pela bomba &#8211; ficaram dispostas como l\u00e1pides no interior de um gradeado de madeira. A instala\u00e7\u00e3o discute as rela\u00e7\u00f5es da dimens\u00e3o espiritual do epis\u00f3dio, relacionando o gelo \u2013 de aspecto duro, mas com uma apar\u00eancia leve e suave, que derrete com a luz do sol \u2013 \u00e0s v\u00edtimas do ataque, que derreteram com a radia\u00e7\u00e3o. Houve um toque de sirene e foram distribu\u00eddos panfletos, que traziam um texto contra a barb\u00e1rie, a guerra, a viol\u00eancia e o fundamentalismo. A apresenta\u00e7\u00e3o durou at\u00e9 as barras de gelo derreterem.<\/p>\n<p><iframe loading=\"lazy\" width=\"449\" height=\"337\" src=\"http:\/\/www.youtube.com\/embed\/syiXPrDtYhU?feature=oembed\" frameborder=\"0\" allowfullscreen><\/iframe><\/p>\n<p>Concep\u00e7\u00e3o: Wellington Jr (Tutunho)<br \/>\nCategoria: Performance<br \/>\nPerformers: Thalles Walker, Jo\u00e3o Vilnei, Greta Frota, Andr\u00e9 Milit\u00e3o, Jo\u00e3o Vilnei, Andr\u00e9 Lopes (Jedi), Edmilson Jr (Juin), Tobias Gaede, Marcelo Tavares, Alhen Rubens e Wellington Jr (Tutunho)<\/p>\n<p>Produ\u00e7\u00e3o: Dadylla Rabelo, Wellington Jr (Tutunho), Verdiene Verdiano, Chris Salas Roldan, Fl\u00e1via Salcedo<br \/>\nMaterial: Blocos de gelo, macac\u00f5es de brim vermelho, macac\u00f5es de pintura brancos, t\u00e1buas de madeira pintadas de preto.<\/p>\n<p>Registro<br \/>\nfotogr\u00e1fico: Pedro Humberto, Tobias Gaede, Jo\u00e3o Vilnei, e Dadylla Rabelo<br \/>\naudiovisual: Fred Benevides e Igor Grazziano<\/p>\n","protected":false},"excerpt":{"rendered":"<p>Data: 11\/08\/2005 Local: Avenida da Universidade, Benfica A obra rememora o epis\u00f3dio do ataque da bomba at\u00f4mica \u00e0 cidade de Hiroshima. Em uma das faixas da Avenida da Universidade, em Fortaleza &#8211; CE, performers trajados com macac\u00f5es industriais montaram um \u201ccemit\u00e9rio de gelo\u201d, no qual cerca de duzentas barras do material \u2013 n\u00famero que faz [&hellip;]<\/p>\n","protected":false},"author":1,"featured_media":0,"comment_status":"open","ping_status":"open","sticky":false,"template":"","format":"standard","meta":[],"categories":[71,69],"tags":[18,19,20,15],"_links":{"self":[{"href":"http:\/\/balbucio.com\/index.php?rest_route=\/wp\/v2\/posts\/869"}],"collection":[{"href":"http:\/\/balbucio.com\/index.php?rest_route=\/wp\/v2\/posts"}],"about":[{"href":"http:\/\/balbucio.com\/index.php?rest_route=\/wp\/v2\/types\/post"}],"author":[{"embeddable":true,"href":"http:\/\/balbucio.com\/index.php?rest_route=\/wp\/v2\/users\/1"}],"replies":[{"embeddable":true,"href":"http:\/\/balbucio.com\/index.php?rest_route=%2Fwp%2Fv2%2Fcomments&post=869"}],"version-history":[{"count":16,"href":"http:\/\/balbucio.com\/index.php?rest_route=\/wp\/v2\/posts\/869\/revisions"}],"predecessor-version":[{"id":871,"href":"http:\/\/balbucio.com\/index.php?rest_route=\/wp\/v2\/posts\/869\/revisions\/871"}],"wp:attachment":[{"href":"http:\/\/balbucio.com\/index.php?rest_route=%2Fwp%2Fv2%2Fmedia&parent=869"}],"wp:term":[{"taxonomy":"category","embeddable":true,"href":"http:\/\/balbucio.com\/index.php?rest_route=%2Fwp%2Fv2%2Fcategories&post=869"},{"taxonomy":"post_tag","embeddable":true,"href":"http:\/\/balbucio.com\/index.php?rest_route=%2Fwp%2Fv2%2Ftags&post=869"}],"curies":[{"name":"wp","href":"https:\/\/api.w.org\/{rel}","templated":true}]}}