{"id":800,"date":"2013-08-06T16:03:30","date_gmt":"2013-08-06T16:03:30","guid":{"rendered":"http:\/\/balbucio.com\/?p=800"},"modified":"2015-06-03T19:31:08","modified_gmt":"2015-06-03T19:31:08","slug":"ternos","status":"publish","type":"post","link":"http:\/\/balbucio.com\/?p=800","title":{"rendered":"Ternos"},"content":{"rendered":"<p>Data: 28\/04\/2005<br \/>\nLocal: Avenida da Universidade, Benfica<br \/>\nEvento: <a title=\"II Semana de Humanidades UFC\" href=\"http:\/\/balbucio.com\/?p=1792\" target=\"_blank\">II Semana de Humanidades da UFC<\/a><\/p>\n<p>Cinco performers altos e vestidos elegantemente com ternos e gravatas limpavam os vidros dos carros que paravam no sem\u00e1foro do cruzamento. Em vez de pedir dinheiro pelo servi\u00e7o, os \u201climpadores\u201d davam moedas aos motoristas que lhes permitiam fazer seu servi\u00e7o.<br \/>\nA performance \u201cternos, baldes e rodinhos\u201d pretende discutir, lidando diretamente com os antagonismos existentes no servi\u00e7o do \u201cflanelinha\u201d nos sinais de tr\u00e2nsito (limpeza do vidro\/sujeira do limpador, riqueza\/pobreza), um problema social t\u00e3o presente nas grandes cidades.<br \/>\nDe maneira sutil, as pessoas atingidas, tanto as que apenas viram quanto aquelas que participaram diretamente da performance permitindo que os vidros de seus carros fossem lavados, al\u00e9m dos performers, passaram a ver, ap\u00f3s a apresenta\u00e7\u00e3o que durou cerca de 2 horas, com outros olhos o problema da falta de emprego nas grandes cidades e o servi\u00e7o prestado por esses cidad\u00e3os marginalizados.<\/p>\n<p><iframe loading=\"lazy\" width=\"400\" height=\"300\" src=\"https:\/\/www.youtube.com\/embed\/uEb1Wqq09Po?feature=oembed\" frameborder=\"0\" allowfullscreen><\/iframe><\/p>\n<p>Concep\u00e7\u00e3o: Jo\u00e3o Vilnei<br \/>\nCategoria: Performance<br \/>\nPerformers: Jo\u00e3o Vilnei, Andr\u00e9 Lopes (Jedi), Edmilson Jr (Juin), Thomas Fernandes, Tobias Gaede<br \/>\nProdu\u00e7\u00e3o: Jo\u00e3o Vilnei, Andr\u00e9 Lopes (Jedi), Edmilson Jr (Juin), Chris Salas Roldan, Tobias Gaede, Wellington Jr (Tutunho), Greta Frota, Jos\u00e9 C\u00e2ndido, Fl\u00e1via Salcedo, Dadylla Rabelo.<\/p>\n<p>Registro<br \/>\nfotogr\u00e1fico: Chico Monteiro e Igor Grazziano<br \/>\naudiovisual: Fred Benevides e Igor Grazziano<\/p>\n<p>Conte\u00fados relacionados:<br \/>\n&#8211; <a title=\"Bienal Internacional de Dan\u00e7a\" href=\"http:\/\/www.bienaldedanca.com\/atividades-bienal-de-par-em-par-2010\/projeto-balbucio-487a\" target=\"_blank\">Divulga\u00e7\u00e3o da reapresenta\u00e7\u00e3o da performance, em parceria com o coletivo 487A, na Bienal Internacional de Dan\u00e7a de 2010<\/a><\/p>\n","protected":false},"excerpt":{"rendered":"<p>Data: 28\/04\/2005 Local: Avenida da Universidade, Benfica Evento: II Semana de Humanidades da UFC Cinco performers altos e vestidos elegantemente com ternos e gravatas limpavam os vidros dos carros que paravam no sem\u00e1foro do cruzamento. Em vez de pedir dinheiro pelo servi\u00e7o, os \u201climpadores\u201d davam moedas aos motoristas que lhes permitiam fazer seu servi\u00e7o. A [&hellip;]<\/p>\n","protected":false},"author":1,"featured_media":0,"comment_status":"open","ping_status":"open","sticky":false,"template":"","format":"standard","meta":[],"categories":[71,69],"tags":[52,20,15],"_links":{"self":[{"href":"http:\/\/balbucio.com\/index.php?rest_route=\/wp\/v2\/posts\/800"}],"collection":[{"href":"http:\/\/balbucio.com\/index.php?rest_route=\/wp\/v2\/posts"}],"about":[{"href":"http:\/\/balbucio.com\/index.php?rest_route=\/wp\/v2\/types\/post"}],"author":[{"embeddable":true,"href":"http:\/\/balbucio.com\/index.php?rest_route=\/wp\/v2\/users\/1"}],"replies":[{"embeddable":true,"href":"http:\/\/balbucio.com\/index.php?rest_route=%2Fwp%2Fv2%2Fcomments&post=800"}],"version-history":[{"count":16,"href":"http:\/\/balbucio.com\/index.php?rest_route=\/wp\/v2\/posts\/800\/revisions"}],"predecessor-version":[{"id":802,"href":"http:\/\/balbucio.com\/index.php?rest_route=\/wp\/v2\/posts\/800\/revisions\/802"}],"wp:attachment":[{"href":"http:\/\/balbucio.com\/index.php?rest_route=%2Fwp%2Fv2%2Fmedia&parent=800"}],"wp:term":[{"taxonomy":"category","embeddable":true,"href":"http:\/\/balbucio.com\/index.php?rest_route=%2Fwp%2Fv2%2Fcategories&post=800"},{"taxonomy":"post_tag","embeddable":true,"href":"http:\/\/balbucio.com\/index.php?rest_route=%2Fwp%2Fv2%2Ftags&post=800"}],"curies":[{"name":"wp","href":"https:\/\/api.w.org\/{rel}","templated":true}]}}