{"id":678,"date":"2013-08-02T20:10:39","date_gmt":"2013-08-02T20:10:39","guid":{"rendered":"http:\/\/balbucio.com\/?p=678"},"modified":"2013-09-09T18:04:22","modified_gmt":"2013-09-09T18:04:22","slug":"digital-digital","status":"publish","type":"post","link":"http:\/\/balbucio.com\/?p=678","title":{"rendered":"Digital Digital"},"content":{"rendered":"<p>Data: 25\/04\/2005 a 29\/4\/2005<br \/>\nLocal: Reitoria da Universidade Federal do Cear\u00e1<br \/>\nEvento:\u00a0\u00a0<a title=\"II Semana de Humanidades UFC\" href=\"http:\/\/balbucio.com\/?p=1792\" target=\"_blank\">II Semana de Humanidades da UFC<\/a><\/p>\n<p>A Digital Digital, de Tobias Gaede e Raquel Geller, de perto, \u00e9 um aglomerado de pequenas digitais dispostas aparentemente ao acaso. Cinco largos passos dados para tr\u00e1s, faz tudo mudar de figura, literalmente: o que parecia acaso, era na verdade um painel ampliando aquela mesma digital que se repetia.<br \/>\nO c\u00f3digo n\u00e3o tem intuito, mas \u00e9 intuitivo em sua eterna, pois ideal, fun\u00e7\u00e3o. Os d\u00edgitos, que somados a mais d\u00edgitos e ordenados criteriosamente formam o c\u00f3digo digital, aqui s\u00e3o descartados e em seu lugar s\u00e3o introduzidas impress\u00f5es digitais, sem nenhuma l\u00f3gica mais complexa do que a continuidade da linha originada da pr\u00f3pria linha que constitui a exist\u00eancia individual de cada digital. \u00c9 o c\u00f3digo formando ele mesmo. \u00c9 a digital digital.<\/p>\n<p>Concep\u00e7\u00e3o: Raquel Geller e Tobias Gaede<br \/>\nCategoria: Instala\u00e7\u00e3o<\/p>\n<p>Produ\u00e7\u00e3o: Greta Frota, Jo\u00e3o Vilnei, Edmilson Jr (Juin) e Tobias Gaede<br \/>\nMaterial: Tecido de elanca e tinta para tecido<\/p>\n<p>Registro<br \/>\nfotogr\u00e1fico: Jo\u00e3o Vilnei e Silas de Paula<\/p>\n<p>&nbsp;<\/p>\n<p>&nbsp;<\/p>\n","protected":false},"excerpt":{"rendered":"<p>Data: 25\/04\/2005 a 29\/4\/2005 Local: Reitoria da Universidade Federal do Cear\u00e1 Evento:\u00a0\u00a0II Semana de Humanidades da UFC A Digital Digital, de Tobias Gaede e Raquel Geller, de perto, \u00e9 um aglomerado de pequenas digitais dispostas aparentemente ao acaso. Cinco largos passos dados para tr\u00e1s, faz tudo mudar de figura, literalmente: o que parecia acaso, era [&hellip;]<\/p>\n","protected":false},"author":1,"featured_media":0,"comment_status":"open","ping_status":"open","sticky":false,"template":"","format":"standard","meta":[],"categories":[71,69],"tags":[52,21,15],"_links":{"self":[{"href":"http:\/\/balbucio.com\/index.php?rest_route=\/wp\/v2\/posts\/678"}],"collection":[{"href":"http:\/\/balbucio.com\/index.php?rest_route=\/wp\/v2\/posts"}],"about":[{"href":"http:\/\/balbucio.com\/index.php?rest_route=\/wp\/v2\/types\/post"}],"author":[{"embeddable":true,"href":"http:\/\/balbucio.com\/index.php?rest_route=\/wp\/v2\/users\/1"}],"replies":[{"embeddable":true,"href":"http:\/\/balbucio.com\/index.php?rest_route=%2Fwp%2Fv2%2Fcomments&post=678"}],"version-history":[{"count":15,"href":"http:\/\/balbucio.com\/index.php?rest_route=\/wp\/v2\/posts\/678\/revisions"}],"predecessor-version":[{"id":4916,"href":"http:\/\/balbucio.com\/index.php?rest_route=\/wp\/v2\/posts\/678\/revisions\/4916"}],"wp:attachment":[{"href":"http:\/\/balbucio.com\/index.php?rest_route=%2Fwp%2Fv2%2Fmedia&parent=678"}],"wp:term":[{"taxonomy":"category","embeddable":true,"href":"http:\/\/balbucio.com\/index.php?rest_route=%2Fwp%2Fv2%2Fcategories&post=678"},{"taxonomy":"post_tag","embeddable":true,"href":"http:\/\/balbucio.com\/index.php?rest_route=%2Fwp%2Fv2%2Ftags&post=678"}],"curies":[{"name":"wp","href":"https:\/\/api.w.org\/{rel}","templated":true}]}}