{"id":512,"date":"2013-08-02T19:43:28","date_gmt":"2013-08-02T19:43:28","guid":{"rendered":"http:\/\/balbucio.com\/?p=512"},"modified":"2013-09-09T18:01:14","modified_gmt":"2013-09-09T18:01:14","slug":"96010033518","status":"publish","type":"post","link":"http:\/\/balbucio.com\/?p=512","title":{"rendered":"96010033518"},"content":{"rendered":"<p>Data: 25\/04\/2005 a 29\/4\/2005<br \/>\nLocal: Reitoria da Universidade Federal do Cear\u00e1<br \/>\nEvento: <a title=\"II Semana de Humanidades UFC\" href=\"http:\/\/balbucio.com\/?p=1792\" target=\"_blank\">II Semana de Humanidades da UFC<\/a><\/p>\n<p>O trabalho apresenta uma discuss\u00e3o sobre a cidade como tessitura e seus diferentes n\u00edveis de rela\u00e7\u00e3o com o indiv\u00edduo. A a\u00e7\u00e3o prop\u00f5e uma nova perspectiva sobre a natureza da sombra e debate o conceito de \u201cpr\u00e1tica da cidade\u201d observado na obra de Michel de Certeau, onde formas espec\u00edficas de opera\u00e7\u00f5es ou \u201cmaneiras de fazer\u201d s\u00e3o desenvolvidas pelo indiv\u00edduo ao atuar no espa\u00e7o habitado.<br \/>\nProposta de reflex\u00e3o social e individual, a obra pretende investigar a rea\u00e7\u00e3o do citadino quando confrontado com o \u00f3bvio e o cotidiano. Vendo nos n\u00fameros uma forma de registro e identifica\u00e7\u00e3o social, procura, tamb\u00e9m, discutir a ideia do indiv\u00edduo absorvido pela coletividade.<br \/>\nNa interven\u00e7\u00e3o, sombras de pessoas abordadas em cal\u00e7adas, pra\u00e7as e outros espa\u00e7os p\u00fablicos s\u00e3o \u201cfixadas\u201d no ch\u00e3o na forma de desenhos. A silhueta desenhada \u00e9 preenchida com n\u00fameros relacionados ao cotidiano.<\/p>\n<p>Concep\u00e7\u00e3o: Edmilson Jr (Juin)<br \/>\nCategoria: Performance \/ Instala\u00e7\u00e3o<br \/>\nPerformers: autor e p\u00fablico<\/p>\n<p>Produ\u00e7\u00e3o: Fl\u00e1via Salcedo e Edmilson Jr (Juin)<\/p>\n<p>Registro<br \/>\nfotogr\u00e1fico: Jo\u00e3o Vilnei e Silas de Paula<br \/>\naudiovisual: Tobias Gaede<\/p>\n<p>&nbsp;<\/p>\n<p>&nbsp;<\/p>\n","protected":false},"excerpt":{"rendered":"<p>Data: 25\/04\/2005 a 29\/4\/2005 Local: Reitoria da Universidade Federal do Cear\u00e1 Evento: II Semana de Humanidades da UFC O trabalho apresenta uma discuss\u00e3o sobre a cidade como tessitura e seus diferentes n\u00edveis de rela\u00e7\u00e3o com o indiv\u00edduo. A a\u00e7\u00e3o prop\u00f5e uma nova perspectiva sobre a natureza da sombra e debate o conceito de \u201cpr\u00e1tica da [&hellip;]<\/p>\n","protected":false},"author":1,"featured_media":0,"comment_status":"open","ping_status":"open","sticky":false,"template":"","format":"standard","meta":[],"categories":[71,69],"tags":[52,21,20,15],"_links":{"self":[{"href":"http:\/\/balbucio.com\/index.php?rest_route=\/wp\/v2\/posts\/512"}],"collection":[{"href":"http:\/\/balbucio.com\/index.php?rest_route=\/wp\/v2\/posts"}],"about":[{"href":"http:\/\/balbucio.com\/index.php?rest_route=\/wp\/v2\/types\/post"}],"author":[{"embeddable":true,"href":"http:\/\/balbucio.com\/index.php?rest_route=\/wp\/v2\/users\/1"}],"replies":[{"embeddable":true,"href":"http:\/\/balbucio.com\/index.php?rest_route=%2Fwp%2Fv2%2Fcomments&post=512"}],"version-history":[{"count":16,"href":"http:\/\/balbucio.com\/index.php?rest_route=\/wp\/v2\/posts\/512\/revisions"}],"predecessor-version":[{"id":4910,"href":"http:\/\/balbucio.com\/index.php?rest_route=\/wp\/v2\/posts\/512\/revisions\/4910"}],"wp:attachment":[{"href":"http:\/\/balbucio.com\/index.php?rest_route=%2Fwp%2Fv2%2Fmedia&parent=512"}],"wp:term":[{"taxonomy":"category","embeddable":true,"href":"http:\/\/balbucio.com\/index.php?rest_route=%2Fwp%2Fv2%2Fcategories&post=512"},{"taxonomy":"post_tag","embeddable":true,"href":"http:\/\/balbucio.com\/index.php?rest_route=%2Fwp%2Fv2%2Ftags&post=512"}],"curies":[{"name":"wp","href":"https:\/\/api.w.org\/{rel}","templated":true}]}}