{"id":42,"date":"2013-08-02T16:10:54","date_gmt":"2013-08-02T16:10:54","guid":{"rendered":"http:\/\/balbucio.com\/?p=42"},"modified":"2014-04-02T11:06:40","modified_gmt":"2014-04-02T11:06:40","slug":"glossolalic-machine-2-torture","status":"publish","type":"post","link":"http:\/\/balbucio.com\/?p=42","title":{"rendered":"Glossolalic Machine #2 &#8211; Torture"},"content":{"rendered":"<p>Data: 30\/4\/2004<br \/>\nLocal: Centro de Humanidades II &#8211; UFC<br \/>\nEvento: I Semana de Humanidades da UFC<\/p>\n<p>Doze metros de m\u00f3veis antigos da universidade formavam uma torre, palco da segunda performance do Projeto Balbucio. Distribu\u00eddos ao longo da imensa obra, performers emitiam pulsos glossol\u00e1licos que faziam refer\u00eancia \u00e0 tortura, sofrimento. A obra, titulada Glossolalic Machine #2 &#8211; Torture, refere-se ao per\u00edodo de persegui\u00e7\u00e3o pol\u00edtico da Ditadura Militar no Brasil, lembrando os 40 anos deste momento da hist\u00f3ria do pa\u00eds.<\/p>\n<p>Trabalhando sob a perspectiva de \u201co abandono em que vivemos \u00e9 um tipo de tortura\u201d, \u201capesar do abandono, ainda conseguimos fazer arte\u201d e \u201co abandono da ditadura\u201d, a performance tamb\u00e9m fez um manifesto contra o descaso com o Centro de Humanidades, local onde fora montada e apresentada a performance, dentro da programa\u00e7\u00e3o da I Semana de Humanidades da UFC.<\/p>\n<p>Concep\u00e7\u00e3o: Wellington Jr (Tutunho) e Demitri T\u00falio<br \/>\nCategoria: Performance<br \/>\nPerformers: Andr\u00e9 Lopes (Jedi), Chris Salas Roldan, Greta Frota, Jo\u00e3o Vilnei, Edmilson Jr (Juin), L\u00edvia Salomoni, Marcela Belchior, Raquel Ara\u00fajo, Sharllenny Queiroz, Tobias Gaede, Thalles Walker e Verdiene Verdiano<\/p>\n<p>Produ\u00e7\u00e3o: Dadylla Rabelo<br \/>\nMaterial: M\u00f3veis antigos e andaime industrial<br \/>\nPrepara\u00e7\u00e3o corporal: Joubert Arrais<br \/>\nMontagem: Andr\u00e9 Lopes (Jedi), Jo\u00e3o Vilnei, Edmilson Jr (Juin), Tobias Gaede e Wellington Jr (Tutunho)<br \/>\nMaquiagem: Isadora Pontes e Lia Damasceno<br \/>\nFigurino: Wellington Jr (Tutunho)<br \/>\nArquiteto: Cl\u00e9vio Rabelo<\/p>\n<p>Registro<br \/>\nfotogr\u00e1fico: Andr\u00e9 Milit\u00e3o, Celina Hissa, Philipi e Silas de Paula<br \/>\naudiovisual: Fred Benevides, Mariana Smith e Pablo Assump\u00e7\u00e3o<\/p>\n","protected":false},"excerpt":{"rendered":"<p>Data: 30\/4\/2004 Local: Centro de Humanidades II &#8211; UFC Evento: I Semana de Humanidades da UFC Doze metros de m\u00f3veis antigos da universidade formavam uma torre, palco da segunda performance do Projeto Balbucio. Distribu\u00eddos ao longo da imensa obra, performers emitiam pulsos glossol\u00e1licos que faziam refer\u00eancia \u00e0 tortura, sofrimento. A obra, titulada Glossolalic Machine #2 [&hellip;]<\/p>\n","protected":false},"author":1,"featured_media":0,"comment_status":"open","ping_status":"open","sticky":false,"template":"","format":"standard","meta":[],"categories":[70,69],"tags":[17,5,67,20,54],"_links":{"self":[{"href":"http:\/\/balbucio.com\/index.php?rest_route=\/wp\/v2\/posts\/42"}],"collection":[{"href":"http:\/\/balbucio.com\/index.php?rest_route=\/wp\/v2\/posts"}],"about":[{"href":"http:\/\/balbucio.com\/index.php?rest_route=\/wp\/v2\/types\/post"}],"author":[{"embeddable":true,"href":"http:\/\/balbucio.com\/index.php?rest_route=\/wp\/v2\/users\/1"}],"replies":[{"embeddable":true,"href":"http:\/\/balbucio.com\/index.php?rest_route=%2Fwp%2Fv2%2Fcomments&post=42"}],"version-history":[{"count":20,"href":"http:\/\/balbucio.com\/index.php?rest_route=\/wp\/v2\/posts\/42\/revisions"}],"predecessor-version":[{"id":199,"href":"http:\/\/balbucio.com\/index.php?rest_route=\/wp\/v2\/posts\/42\/revisions\/199"}],"wp:attachment":[{"href":"http:\/\/balbucio.com\/index.php?rest_route=%2Fwp%2Fv2%2Fmedia&parent=42"}],"wp:term":[{"taxonomy":"category","embeddable":true,"href":"http:\/\/balbucio.com\/index.php?rest_route=%2Fwp%2Fv2%2Fcategories&post=42"},{"taxonomy":"post_tag","embeddable":true,"href":"http:\/\/balbucio.com\/index.php?rest_route=%2Fwp%2Fv2%2Ftags&post=42"}],"curies":[{"name":"wp","href":"https:\/\/api.w.org\/{rel}","templated":true}]}}