{"id":3581,"date":"2013-09-06T00:14:39","date_gmt":"2013-09-06T00:14:39","guid":{"rendered":"http:\/\/balbucio.com\/?p=3581"},"modified":"2013-09-24T10:58:47","modified_gmt":"2013-09-24T10:58:47","slug":"sinais","status":"publish","type":"post","link":"http:\/\/balbucio.com\/?p=3581","title":{"rendered":"Sinais"},"content":{"rendered":"<p>Data: 25\/11\/06 a 28\/11\/06<br \/>\nLocal: Gentil\u00e2ndia (Bairro do Benfica \u2013 Fortaleza \u2013 Cear\u00e1)<br \/>\nEvento: <a title=\"A casa da Santa\" href=\"http:\/\/balbucio.com\/?p=1802\">A casa da Santa <\/a><\/p>\n<p>Em negativo, estendido no teto, o corpo nu de Chris Salas \u00e9 uma constela\u00e7\u00e3o e as \u201cpintinhas\u201d de seu corpo, estrelas. No pensamento ocidental, especialmente depois do humanismo renascentista, a ideia do corpo \u2013 ou do homem, em Prot\u00e1goras \u2013 como medida de todas as coisas se imp\u00f5e de tal modo que parece natural. Seria poss\u00edvel negar que \u00e9 por ele, o corpo, que sentimos, pensamos e ordenamos a realidade, criamos o mundo [= ordem]? Na instala\u00e7\u00e3o feita s\u00f3 para apresentar a futura performance \u201cOra direis ouvir estrelas!\u201d, Salas empresta, e com isso amplia, a pr\u00f3pria ordem do seu corpo aos corpos celestes, ao cosmos. Seu contorno, suas sali\u00eancias, pelos e manchas conformam astros, constela\u00e7\u00f5es, gal\u00e1xias, buracos negros, universos paralelos numa met\u00e1fora astrol\u00f3gica\/astron\u00f4mica.<\/p>\n<p>Concep\u00e7\u00e3o: Chris Salas<br \/>\nCategoria: Instala\u00e7\u00e3o<br \/>\nFotografia: Tobias Gaede<\/p>\n<p>Produ\u00e7\u00e3o: Chris Salas, Tobias Gaede, Andr\u00e9 Lopes, Wellington Junior<\/p>\n<p>Material: Impress\u00e3o em lona, estrutura em madeira, l\u00e2mpadas fluorescentes<\/p>\n<p>Registro<br \/>\nfotogr\u00e1fico: Jo\u00e3o Vilnei, Igor Grazianno e Joj\u00f4<\/p>\n","protected":false},"excerpt":{"rendered":"<p>Data: 25\/11\/06 a 28\/11\/06 Local: Gentil\u00e2ndia (Bairro do Benfica \u2013 Fortaleza \u2013 Cear\u00e1) Evento: A casa da Santa Em negativo, estendido no teto, o corpo nu de Chris Salas \u00e9 uma constela\u00e7\u00e3o e as \u201cpintinhas\u201d de seu corpo, estrelas. No pensamento ocidental, especialmente depois do humanismo renascentista, a ideia do corpo \u2013 ou do homem, [&hellip;]<\/p>\n","protected":false},"author":1,"featured_media":0,"comment_status":"open","ping_status":"open","sticky":false,"template":"","format":"standard","meta":[],"categories":[72,69],"tags":[],"_links":{"self":[{"href":"http:\/\/balbucio.com\/index.php?rest_route=\/wp\/v2\/posts\/3581"}],"collection":[{"href":"http:\/\/balbucio.com\/index.php?rest_route=\/wp\/v2\/posts"}],"about":[{"href":"http:\/\/balbucio.com\/index.php?rest_route=\/wp\/v2\/types\/post"}],"author":[{"embeddable":true,"href":"http:\/\/balbucio.com\/index.php?rest_route=\/wp\/v2\/users\/1"}],"replies":[{"embeddable":true,"href":"http:\/\/balbucio.com\/index.php?rest_route=%2Fwp%2Fv2%2Fcomments&post=3581"}],"version-history":[{"count":8,"href":"http:\/\/balbucio.com\/index.php?rest_route=\/wp\/v2\/posts\/3581\/revisions"}],"predecessor-version":[{"id":3583,"href":"http:\/\/balbucio.com\/index.php?rest_route=\/wp\/v2\/posts\/3581\/revisions\/3583"}],"wp:attachment":[{"href":"http:\/\/balbucio.com\/index.php?rest_route=%2Fwp%2Fv2%2Fmedia&parent=3581"}],"wp:term":[{"taxonomy":"category","embeddable":true,"href":"http:\/\/balbucio.com\/index.php?rest_route=%2Fwp%2Fv2%2Fcategories&post=3581"},{"taxonomy":"post_tag","embeddable":true,"href":"http:\/\/balbucio.com\/index.php?rest_route=%2Fwp%2Fv2%2Ftags&post=3581"}],"curies":[{"name":"wp","href":"https:\/\/api.w.org\/{rel}","templated":true}]}}