{"id":3547,"date":"2013-09-05T22:33:07","date_gmt":"2013-09-05T22:33:07","guid":{"rendered":"http:\/\/balbucio.com\/?p=3547"},"modified":"2013-09-06T15:58:31","modified_gmt":"2013-09-06T15:58:31","slug":"gentilandia-com-a-casa-da-santa","status":"publish","type":"post","link":"http:\/\/balbucio.com\/?p=3547","title":{"rendered":"gentilandia.com &#8211; A casa da Santa"},"content":{"rendered":"<p>Data: 25\/11\/06 a 28\/11\/06<br \/>\nLocal: Gentil\u00e2ndia (Bairro do Benfica \u2013 Fortaleza \u2013 Cear\u00e1)<br \/>\nEvento: <a title=\"A casa da Santa\" href=\"http:\/\/balbucio.com\/?p=1802\">A casa da Santa <\/a><\/p>\n<p>Labirinto de ruas hist\u00f3ricas e pr\u00e9dios imponentes como a Reitoria da Universidade Federal do Cear\u00e1. Ber\u00e7o de hist\u00f3rias de vida como a do senhor Jos\u00e9 Gentil Alves de Carvalho, homem de posses que ajudou a terminar a Igreja Nossa Senhora dos Rem\u00e9dios em 1910. \u00c9 nesse espa\u00e7o hist\u00f3rico de grande import\u00e2ncia cultural para capital Alencarina que ser\u00e1 realizado o jogo gentilandia.com.<\/p>\n<p>Durante <a title=\"A casa da Santa\" href=\"http:\/\/balbucio.com\/?p=1802\" target=\"_blank\">&#8220;A casa da Santa&#8221;<\/a> o projeto <a title=\"gentilandia.com\" href=\"http:\/\/balbucio.com\/?p=1751\" target=\"_blank\">&#8220;gentilandia.com&#8221;<\/a> foi apresentado.<\/p>\n<p>Concep\u00e7\u00e3o: Jo\u00e3o Vilnei<\/p>\n<p>Produ\u00e7\u00e3o: Andr\u00e9 Lopes (Jedi), Jo\u00e3o Vilnei, Let\u00edcia Silva, Chico Monteiro e Jos\u00e9 C\u00e2ndido<br \/>\nMontagem: Andr\u00e9 Lopes (Jedi), Jo\u00e3o Vilnei, Let\u00edcia Silva, Chico Monteiro e Jos\u00e9 C\u00e2ndido<br \/>\nMaterial: Stickers, papel adesivo prateado, luzes e site<\/p>\n<p>Registro<br \/>\nfotogr\u00e1fico: Jo\u00e3o Vilnei<\/p>\n<p>Conte\u00fados relacionados:<br \/>\n&#8211; <a title=\"Texto sobre o gentilandia.com\" href=\"http:\/\/balbucio.com\/wp-content\/uploads\/2013\/09\/texto-do-jogo.pdf\" target=\"_blank\">Texto sobre o projeto escrito na altura da apresenta\u00e7\u00e3o n&#8217;A casa da Santa<\/a><\/p>\n","protected":false},"excerpt":{"rendered":"<p>Data: 25\/11\/06 a 28\/11\/06 Local: Gentil\u00e2ndia (Bairro do Benfica \u2013 Fortaleza \u2013 Cear\u00e1) Evento: A casa da Santa Labirinto de ruas hist\u00f3ricas e pr\u00e9dios imponentes como a Reitoria da Universidade Federal do Cear\u00e1. Ber\u00e7o de hist\u00f3rias de vida como a do senhor Jos\u00e9 Gentil Alves de Carvalho, homem de posses que ajudou a terminar a [&hellip;]<\/p>\n","protected":false},"author":1,"featured_media":0,"comment_status":"open","ping_status":"open","sticky":false,"template":"","format":"standard","meta":[],"categories":[72,69],"tags":[],"_links":{"self":[{"href":"http:\/\/balbucio.com\/index.php?rest_route=\/wp\/v2\/posts\/3547"}],"collection":[{"href":"http:\/\/balbucio.com\/index.php?rest_route=\/wp\/v2\/posts"}],"about":[{"href":"http:\/\/balbucio.com\/index.php?rest_route=\/wp\/v2\/types\/post"}],"author":[{"embeddable":true,"href":"http:\/\/balbucio.com\/index.php?rest_route=\/wp\/v2\/users\/1"}],"replies":[{"embeddable":true,"href":"http:\/\/balbucio.com\/index.php?rest_route=%2Fwp%2Fv2%2Fcomments&post=3547"}],"version-history":[{"count":7,"href":"http:\/\/balbucio.com\/index.php?rest_route=\/wp\/v2\/posts\/3547\/revisions"}],"predecessor-version":[{"id":3549,"href":"http:\/\/balbucio.com\/index.php?rest_route=\/wp\/v2\/posts\/3547\/revisions\/3549"}],"wp:attachment":[{"href":"http:\/\/balbucio.com\/index.php?rest_route=%2Fwp%2Fv2%2Fmedia&parent=3547"}],"wp:term":[{"taxonomy":"category","embeddable":true,"href":"http:\/\/balbucio.com\/index.php?rest_route=%2Fwp%2Fv2%2Fcategories&post=3547"},{"taxonomy":"post_tag","embeddable":true,"href":"http:\/\/balbucio.com\/index.php?rest_route=%2Fwp%2Fv2%2Ftags&post=3547"}],"curies":[{"name":"wp","href":"https:\/\/api.w.org\/{rel}","templated":true}]}}