{"id":3059,"date":"2013-09-02T00:12:10","date_gmt":"2013-09-02T00:12:10","guid":{"rendered":"http:\/\/balbucio.com\/?p=3059"},"modified":"2013-09-26T21:50:34","modified_gmt":"2013-09-26T21:50:34","slug":"reverbero","status":"publish","type":"post","link":"http:\/\/balbucio.com\/?p=3059","title":{"rendered":"Reverbero"},"content":{"rendered":"<p>Data: 17\/11\/2010 a 17\/12\/2010<br \/>\nLocal: Centro Cultural BNB \u2013 Fortaleza<br \/>\nEvento: <a title=\"Mostra Balbucio de Tecnologias Ordin\u00e1rias\" href=\"http:\/\/balbucio.com\/?p=3029\" target=\"_blank\">Mostra Balbucio de Tecnologias Ordin\u00e1rias<\/a><\/p>\n<p>Milhares de telas. Cacos que eram de vidro e hoje s\u00e3o n\u00e3o sabemos nem mais do qu\u00ea. Monitores. Milhares de pontos de vista, de escuta&#8230; De toques? Quais sentidos? N\u00f3s, tudo e cada um expostos nas janelas de tantos sistemas. Mundi[e]vid\u00eancia. Seres ciber-ub\u00edquos. Rolam os contatos em mosaicos de cada vez mais alta defini\u00e7\u00e3o. Seres interfaceados, aproximados, an\u00f4nimos, c\u00e9lebres, comuns de tempo e espa\u00e7o simulados, como tamb\u00e9m somos pelos n\u00fameros ocultos. Corpos, eletricidade, ondas, reflexos, n\u00f3s. N\u00f3s que nos espalhamos por entre quantos t\u00faneis, nicks, contas, senhas, abas. N\u00f3s que ricocheteamos on-line\/off-line. Dispon\u00edveis, ocupados, ausentes, invis\u00edveis ou n\u00e3o, reverberamos, virais. O que me vejo? Quem me v\u00ea? Quais?<\/p>\n<p>O que reverbera. O que se propaga. De cada um reflexos, pontos [fixos\/m\u00f3veis] de vista. O que se espalha e muta e chega ao outro [sou eu?]. A instala\u00e7\u00e3o prop\u00f5e di\u00e1logos e rela\u00e7\u00f5es homem-sistemam\u00e1quina; discute o eu que se irradia em m\u00faltiplos olhares, cola nos toques, deixa rastros. Reverbero \u00e9 o deslocamento do que foi compartilhado pelos agentes no site do projeto. Retalhados em telas, compartilham vis\u00f5es de si, vis\u00f5es de outros sobre si, vis\u00f5es sobre vis\u00f5es de outros sobre si. Mais uma vez, reverberam.<\/p>\n<p>T\u00e9cnica: V\u00eddeo-Instala\u00e7\u00e3o<br \/>\nEquipe: Chris Salas, Abra\u00e3o de Alc\u00e2ntara, Jord\u00e3o Tom\u00e9 e Ewerton Kristian<\/p>\n<p>Conte\u00fado relacionado:<br \/>\n&#8211; <a title=\"Twitter Reverbero\" href=\"https:\/\/twitter.com\/reverbero_\" target=\"_blank\">Twitter do projeto<\/a><\/p>\n","protected":false},"excerpt":{"rendered":"<p>Data: 17\/11\/2010 a 17\/12\/2010 Local: Centro Cultural BNB \u2013 Fortaleza Evento: Mostra Balbucio de Tecnologias Ordin\u00e1rias Milhares de telas. Cacos que eram de vidro e hoje s\u00e3o n\u00e3o sabemos nem mais do qu\u00ea. Monitores. Milhares de pontos de vista, de escuta&#8230; De toques? Quais sentidos? N\u00f3s, tudo e cada um expostos nas janelas de tantos [&hellip;]<\/p>\n","protected":false},"author":1,"featured_media":0,"comment_status":"open","ping_status":"open","sticky":false,"template":"","format":"standard","meta":[],"categories":[76,69],"tags":[],"_links":{"self":[{"href":"http:\/\/balbucio.com\/index.php?rest_route=\/wp\/v2\/posts\/3059"}],"collection":[{"href":"http:\/\/balbucio.com\/index.php?rest_route=\/wp\/v2\/posts"}],"about":[{"href":"http:\/\/balbucio.com\/index.php?rest_route=\/wp\/v2\/types\/post"}],"author":[{"embeddable":true,"href":"http:\/\/balbucio.com\/index.php?rest_route=\/wp\/v2\/users\/1"}],"replies":[{"embeddable":true,"href":"http:\/\/balbucio.com\/index.php?rest_route=%2Fwp%2Fv2%2Fcomments&post=3059"}],"version-history":[{"count":9,"href":"http:\/\/balbucio.com\/index.php?rest_route=\/wp\/v2\/posts\/3059\/revisions"}],"predecessor-version":[{"id":5367,"href":"http:\/\/balbucio.com\/index.php?rest_route=\/wp\/v2\/posts\/3059\/revisions\/5367"}],"wp:attachment":[{"href":"http:\/\/balbucio.com\/index.php?rest_route=%2Fwp%2Fv2%2Fmedia&parent=3059"}],"wp:term":[{"taxonomy":"category","embeddable":true,"href":"http:\/\/balbucio.com\/index.php?rest_route=%2Fwp%2Fv2%2Fcategories&post=3059"},{"taxonomy":"post_tag","embeddable":true,"href":"http:\/\/balbucio.com\/index.php?rest_route=%2Fwp%2Fv2%2Ftags&post=3059"}],"curies":[{"name":"wp","href":"https:\/\/api.w.org\/{rel}","templated":true}]}}