{"id":3029,"date":"2013-09-01T23:36:50","date_gmt":"2013-09-01T23:36:50","guid":{"rendered":"http:\/\/balbucio.com\/?p=3029"},"modified":"2013-09-27T18:31:49","modified_gmt":"2013-09-27T18:31:49","slug":"mostra-balbucio-de-tecnologias-ordinarias","status":"publish","type":"post","link":"http:\/\/balbucio.com\/?p=3029","title":{"rendered":"Mostra Balbucio de Tecnologias Ordin\u00e1rias"},"content":{"rendered":"<p>Data: 17\/11\/2010 a 17\/12\/2010<br \/>\nLocal: <a title=\"Centro Cultural BNB\" href=\"http:\/\/www.bnb.gov.br\/Content\/aplicacao\/Grupo_Principal\/Nordeste_Noticias\/conteudo\/nordeste_noticias_detalhes.asp?lstrCodNoticia=2791\" target=\"_blank\">Centro Cultural BNB \u2013 Fortaleza<\/a><\/p>\n<p>Quando voc\u00ea pensa em c\u00e2meras de seguran\u00e7a, monitores de v\u00eddeo, sensores, despertadores eletr\u00f4nicos, tubula\u00e7\u00f5es el\u00e9tricas, pequenos amplificadores de som e outros instrumentos assim t\u00e3o corriqueiros, o que logo vem \u00e0 sua mente? Voc\u00ea imagina que essas engenhosidades criadas para facilitar nosso cotidiano podem se transformar em obras de arte? A resposta voc\u00ea pode descobrir e construir com os integrantes do Grupo Balbucio da Universidade Federal do Cear\u00e1 (UFC). O objetivo da exposi\u00e7\u00e3o \u00e9 produzir arte incorporando ferramentas tecnol\u00f3gicas simples e banais (os gadgets), presentes nas experi\u00eancias ordin\u00e1rias da vida e encontradas sem maiores dificuldades em qualquer loja de eletr\u00f4nicos.Segundo Tobias Gaede, um dos artistas do coletivo e mestrando em Comunica\u00e7\u00e3o pela UFC, n\u00e3o se trata, pura e simplesmente, \u201cda realoca\u00e7\u00e3o desses objetos no espa\u00e7o aur\u00e1tico do museu, procedimento que seria nada mais que uma repeti\u00e7\u00e3o do ready-made\u201d. Trata-se, diversamente, de fazer uso das potencialidades que esses dispositivos disponibilizam por sua funcionalidade pr\u00e1tica \u2013 seja pela admiss\u00e3o de tal funcionalidade, seja pela sua subvers\u00e3o por meio de empregos dos quais n\u00e3o se suspeitava ou que, embora evidentes, n\u00e3o eram efetivados.<\/p>\n<p>Ser\u00e3o nove trabalhos que possuem a inten\u00e7\u00e3o de proporcionar ao p\u00fablico de Fortaleza o contato com esta maneira de fazer art\u00edstica e tornar o contato do Projeto Balbucio com o p\u00fablico mais pr\u00f3ximo e efetivo. E a proximidade com o p\u00fablico pode ser vista com o trabalho \u201cO jardim das Flores Vivas\u201d. De acordo com o idealizador da obra, o doutorando em arte e design pela Universidade do Porto, Jo\u00e3o Vilnei, o trabalho \u00e9 de intera\u00e7\u00e3o, \u201cmas n\u00e3o \u00e9 de intera\u00e7\u00e3o com todo mundo; apesar de estar na rua, s\u00f3 funcionar\u00e1 se a pessoa for atenta; n\u00e3o interage com todo mundo, s\u00f3 com as &#8216;Alices&#8217; de Fortaleza\u201d.\u201cA interven\u00e7\u00e3o foi criada no \u00e2mbito da pesquisa que desenvolvi durante Mestrado em Cria\u00e7\u00e3o Art\u00edstica Contempor\u00e2nea na Universidade de Aveiro \u2013 Portugal. Desta pesquisa resultou o trabalho \u2018Alices: Encontros na Vera-Cruz\u2019\u201d, explica o artista-pesquisador. Em Fortaleza, o trabalho ser\u00e1 montado num canteiro de flores ao lado do CCBNB, de maneira a interagir com o interesse dos passantes. O sistema \u00e9 composto por pain\u00e9is solares, uma placa eletr\u00f4nica, uma caixa de som de computador, um mp3 player e um sonar. Toda a parte eletr\u00f4nica fica escondida, enterrada no canteiro das flores. Nenhuma refer\u00eancia externa \u00e9 feita nas proximidades do canteiro, o que faz com que apenas os mais atentos aos pequenos detalhes, aos pequenos sons que destoam dos barulhos da cidade, possam, como aconteceu com Alice, ouvir a conversa das flores.<\/p>\n<p>A instala\u00e7\u00e3o \u201cReverbero\u201d \u00e9 um trabalho colaborativo. A concep\u00e7\u00e3o e coordena\u00e7\u00e3o geral do trabalho \u00e9 da artista e comunic\u00f3loga Chris Salas Roldan, que explica: a obra trata da proposi\u00e7\u00e3o de uma experi\u00eancia de intera\u00e7\u00e3o com um sistema computacional; uma experi\u00eancia, a priori, individual. \u201c\u00c9 um jogo entre corpo e m\u00e1quinas e softwares e componentes eletr\u00f4nicos que fazem parte do nosso cotidiano &#8211; t\u00e3o inseridos nele que, muitas vezes, n\u00e3o s\u00e3o mais percebidos. \u00c9 uma dan\u00e7a, uma conex\u00e3o, talvez at\u00e9 a simples repeti\u00e7\u00e3o do que realizamos no dia-a-dia, ao acessarmos os sistemas eletr\u00f4nicos\/digitais\/computacionais, colocado apenas de modo diverso\u201d, explica. O trabalho trata, ao fim e ao cabo, de aporias mais gerais relativas ao lugar do homem no mundo hoje: \u201cQuais os pontos de vista do ser humano sobre si mesmo? Que imagem o traduz? Que imagem ele reflete? Como ele acredita ser percebido? Afinal, quais s\u00e3o as \u201ccaras\u201d dos nossos reflexos em rede? De que modo tudo isso transforma seu corpo?\u201d<\/p>\n<p>TRABALHOS APRESENTADOS<br \/>\n&#8211; <a title=\"o jardim das Flores Vivas\" href=\"http:\/\/balbucio.com\/?p=3054\">o jardim das Flores Vivas<\/a><br \/>\n&#8211; <a title=\"Reverbero\" href=\"http:\/\/balbucio.com\/?p=3059\">Reverbero<\/a><br \/>\n&#8211; <a title=\"Som Encanado BNB\" href=\"http:\/\/balbucio.com\/?p=3031\">Som Encanado<\/a><br \/>\n&#8211; <a title=\"Deus te aben\u00e7\u00f5e\" href=\"http:\/\/balbucio.com\/?p=3038\">Deus te aben\u00e7oe<\/a><br \/>\n&#8211; <a title=\"Espa\u00e7o c\u00edclico\" href=\"http:\/\/balbucio.com\/?p=3042\">Espa\u00e7o c\u00edclico<\/a><br \/>\n&#8211; <a title=\"Proje\u00e7\u00e3o do tempo cont\u00ednuo\" href=\"http:\/\/balbucio.com\/?p=3046\">Proje\u00e7\u00e3o do tempo cont\u00ednuo<\/a><br \/>\n&#8211; <a title=\"Cen\u00f3bio 2\" href=\"http:\/\/balbucio.com\/?p=3050\">Cen\u00f3bio<\/a><br \/>\n&#8211; <a title=\"Glossolalic Machine #3 \u2013 Bureau\" href=\"http:\/\/balbucio.com\/?p=1744\">Glossolalic Machine #3 &#8211; Bureau<\/a><\/p>\n<p>Concep\u00e7\u00e3o: Projeto Balbucio<br \/>\nCategoria: projeto, evento, exposi\u00e7\u00e3o<\/p>\n<p>Produ\u00e7\u00e3o: C\u00e2ndido Filho, Chris Salas Roldan, Dadylla Rabelo, Fl\u00e1via Salcedo, Greta Frota, Jedi, Jo\u00e3o Vilnei, Juin, Tobias Gaede, Wellington Junior<\/p>\n<p>Registro<br \/>\nfotogr\u00e1fico: Jo\u00e3o Vilnei, Jos\u00e9 C\u00e2ndido<\/p>\n","protected":false},"excerpt":{"rendered":"<p>Data: 17\/11\/2010 a 17\/12\/2010 Local: Centro Cultural BNB \u2013 Fortaleza Quando voc\u00ea pensa em c\u00e2meras de seguran\u00e7a, monitores de v\u00eddeo, sensores, despertadores eletr\u00f4nicos, tubula\u00e7\u00f5es el\u00e9tricas, pequenos amplificadores de som e outros instrumentos assim t\u00e3o corriqueiros, o que logo vem \u00e0 sua mente? Voc\u00ea imagina que essas engenhosidades criadas para facilitar nosso cotidiano podem se transformar [&hellip;]<\/p>\n","protected":false},"author":1,"featured_media":0,"comment_status":"open","ping_status":"open","sticky":false,"template":"","format":"standard","meta":[],"categories":[76,69],"tags":[],"_links":{"self":[{"href":"http:\/\/balbucio.com\/index.php?rest_route=\/wp\/v2\/posts\/3029"}],"collection":[{"href":"http:\/\/balbucio.com\/index.php?rest_route=\/wp\/v2\/posts"}],"about":[{"href":"http:\/\/balbucio.com\/index.php?rest_route=\/wp\/v2\/types\/post"}],"author":[{"embeddable":true,"href":"http:\/\/balbucio.com\/index.php?rest_route=\/wp\/v2\/users\/1"}],"replies":[{"embeddable":true,"href":"http:\/\/balbucio.com\/index.php?rest_route=%2Fwp%2Fv2%2Fcomments&post=3029"}],"version-history":[{"count":8,"href":"http:\/\/balbucio.com\/index.php?rest_route=\/wp\/v2\/posts\/3029\/revisions"}],"predecessor-version":[{"id":3982,"href":"http:\/\/balbucio.com\/index.php?rest_route=\/wp\/v2\/posts\/3029\/revisions\/3982"}],"wp:attachment":[{"href":"http:\/\/balbucio.com\/index.php?rest_route=%2Fwp%2Fv2%2Fmedia&parent=3029"}],"wp:term":[{"taxonomy":"category","embeddable":true,"href":"http:\/\/balbucio.com\/index.php?rest_route=%2Fwp%2Fv2%2Fcategories&post=3029"},{"taxonomy":"post_tag","embeddable":true,"href":"http:\/\/balbucio.com\/index.php?rest_route=%2Fwp%2Fv2%2Ftags&post=3029"}],"curies":[{"name":"wp","href":"https:\/\/api.w.org\/{rel}","templated":true}]}}