{"id":3009,"date":"2013-09-01T20:40:40","date_gmt":"2013-09-01T20:40:40","guid":{"rendered":"http:\/\/balbucio.com\/?p=3009"},"modified":"2013-09-14T15:58:31","modified_gmt":"2013-09-14T15:58:31","slug":"aula-das-imbricacoes-metodologicas-entre-criacao-artistica-e-pesquisa-academica","status":"publish","type":"post","link":"http:\/\/balbucio.com\/?p=3009","title":{"rendered":"Aula &#8211; Das imbrica\u00e7\u00f5es metodol\u00f3gicas entre cria\u00e7\u00e3o art\u00edstica e pesquisa acad\u00eamica"},"content":{"rendered":"<p>Data: 03\/06\/2011<br \/>\nLocal: Audit\u00f3rio do Pavilh\u00e3o Sul, Faculdade de Belas Artes da Universidade do Porto<\/p>\n<p>&#8220;Da\u00ed, a discrimina\u00e7\u00e3o, a alteridade, o outro. S\u00f3, desta multiplicidade instaurada pelos existentes \u00e9 poss\u00edvel generalizar.<br \/>\nParece que um m\u00e9todo aparece. Mas como ver com olhos ing\u00eanuos, livre dos preconceitos inerentes \u00e0 experi\u00eancia pret\u00e9rita?<br \/>\nLido com o paradoxo cotidianamente e de modo duplo: na pesquisa acad\u00eamica e na pesquisa art\u00edstica. \u00c9 no embate entre os dois processos que intuo o m\u00e9todo!&#8221;<\/p>\n<p>Concep\u00e7\u00e3o: Projeto Balbucio<br \/>\nCategoria: Performance<br \/>\nPerformers: Andr\u00e9 Quintino (Jedi), Edmilson Jr (Juin), Jo\u00e3o Vilnei, Tobias Gaede e Wellington Jr (Tutunho).<\/p>\n<p>Produ\u00e7\u00e3o: Andr\u00e9 Quintino (Jedi), Edmilson Jr (Juin), Jo\u00e3o Vilnei, Tobias Gaede e Wellington Jr (Tutunho).<\/p>\n<p>Conte\u00fados relacionados:<br \/>\n&#8211; <a title=\"Quatro vezes Balbucio\" href=\"http:\/\/balbucio.com\/wp-content\/uploads\/2013\/09\/OLIVEIRA-JR-Antonio-Wellington-de-Quatro-Vezes-Balbucio-Porto.pdf\" target=\"_blank\">Texto apresentado<\/a><br \/>\n&#8211; <a title=\"Balbucio na FBAUP\" href=\"http:\/\/sigarra.up.pt\/fbaup\/pt\/noticias_geral.ver_noticia?P_NR=986\" target=\"_blank\">Link para divulga\u00e7\u00e3o do evento no site da FBAUP<\/a><\/p>\n<p>&nbsp;<\/p>\n<p>&nbsp;<\/p>\n<p>&nbsp;<\/p>\n<p>&nbsp;<\/p>\n","protected":false},"excerpt":{"rendered":"<p>Data: 03\/06\/2011 Local: Audit\u00f3rio do Pavilh\u00e3o Sul, Faculdade de Belas Artes da Universidade do Porto &#8220;Da\u00ed, a discrimina\u00e7\u00e3o, a alteridade, o outro. S\u00f3, desta multiplicidade instaurada pelos existentes \u00e9 poss\u00edvel generalizar. Parece que um m\u00e9todo aparece. Mas como ver com olhos ing\u00eanuos, livre dos preconceitos inerentes \u00e0 experi\u00eancia pret\u00e9rita? Lido com o paradoxo cotidianamente e [&hellip;]<\/p>\n","protected":false},"author":1,"featured_media":0,"comment_status":"open","ping_status":"open","sticky":false,"template":"","format":"standard","meta":[],"categories":[77,69],"tags":[],"_links":{"self":[{"href":"http:\/\/balbucio.com\/index.php?rest_route=\/wp\/v2\/posts\/3009"}],"collection":[{"href":"http:\/\/balbucio.com\/index.php?rest_route=\/wp\/v2\/posts"}],"about":[{"href":"http:\/\/balbucio.com\/index.php?rest_route=\/wp\/v2\/types\/post"}],"author":[{"embeddable":true,"href":"http:\/\/balbucio.com\/index.php?rest_route=\/wp\/v2\/users\/1"}],"replies":[{"embeddable":true,"href":"http:\/\/balbucio.com\/index.php?rest_route=%2Fwp%2Fv2%2Fcomments&post=3009"}],"version-history":[{"count":11,"href":"http:\/\/balbucio.com\/index.php?rest_route=\/wp\/v2\/posts\/3009\/revisions"}],"predecessor-version":[{"id":3841,"href":"http:\/\/balbucio.com\/index.php?rest_route=\/wp\/v2\/posts\/3009\/revisions\/3841"}],"wp:attachment":[{"href":"http:\/\/balbucio.com\/index.php?rest_route=%2Fwp%2Fv2%2Fmedia&parent=3009"}],"wp:term":[{"taxonomy":"category","embeddable":true,"href":"http:\/\/balbucio.com\/index.php?rest_route=%2Fwp%2Fv2%2Fcategories&post=3009"},{"taxonomy":"post_tag","embeddable":true,"href":"http:\/\/balbucio.com\/index.php?rest_route=%2Fwp%2Fv2%2Ftags&post=3009"}],"curies":[{"name":"wp","href":"https:\/\/api.w.org\/{rel}","templated":true}]}}