{"id":293,"date":"2013-08-02T19:31:23","date_gmt":"2013-08-02T19:31:23","guid":{"rendered":"http:\/\/balbucio.com\/?p=293"},"modified":"2013-09-06T13:58:38","modified_gmt":"2013-09-06T13:58:38","slug":"cores-berrantes","status":"publish","type":"post","link":"http:\/\/balbucio.com\/?p=293","title":{"rendered":"Cores Berrantes"},"content":{"rendered":"<p>Data: 18\/7\/2004<br \/>\nLocal: Bairro Benfica \u2013 Fortaleza\/CE<br \/>\nEvento: XXVI Encontro Nacional de Estudantes de Comunica\u00e7\u00e3o Social &#8211; ENECOM 2004<\/p>\n<p>Espanto e estranhamento eram as primeiras rea\u00e7\u00f5es de quem passava pelas ruas de Fortaleza (uma das principais cidades da regi\u00e3o Nordeste do Brasil). As cores estavam vivas, caminhando pela cidade. Numa grande brincadeira com a cor e os caminhos por onde a gente percorre todos os dias, a performance Cores Berrantes trouxe bom humor e o envolvimento com o p\u00fablico. Vestidos com macac\u00f5es amarelo, verde, laranja, azul e vermelho, os performers conseguiam interagir com os passantes apenas com a presen\u00e7a colorida.<\/p>\n<p>A performance Cores Berrantes experimenta o espa\u00e7o urbano, interagindo com pessoas em seus cotidianos. As cores que avisam, informam, chamam a aten\u00e7\u00e3o, agora est\u00e3o vivas convidando a perceber sua exist\u00eancia.<\/p>\n<p>Concep\u00e7\u00e3o: Jo\u00e3o Vilnei<br \/>\nCategoria: Performance<br \/>\nPerformers: Andr\u00e9 Lopes (Jedi), Jo\u00e3o Vilnei, Edmilson Jr (Juin), Thalles Walker e Tobias Gaede<\/p>\n<p>Produ\u00e7\u00e3o<br \/>\nMaterial: Macac\u00e3o de elanca e acess\u00f3rios coloridos<br \/>\nFigurino: Thalles Walker e Raquel Geller<\/p>\n<p>Registro<br \/>\nfotogr\u00e1fico: Dadylla Rabelo, Greta Frota, Luana Patr\u00edcia, Raquel Ara\u00fajo e Verdiene Verdiano<\/p>\n<p>Conte\u00fados relacionados:<br \/>\n&#8211; <a title=\"Silhueta\" href=\"http:\/\/balbucio.com\/wp-content\/uploads\/2013\/08\/silhuetas.pdf\" target=\"_blank\">Silhuetas das cores<\/a><\/p>\n","protected":false},"excerpt":{"rendered":"<p>Data: 18\/7\/2004 Local: Bairro Benfica \u2013 Fortaleza\/CE Evento: XXVI Encontro Nacional de Estudantes de Comunica\u00e7\u00e3o Social &#8211; ENECOM 2004 Espanto e estranhamento eram as primeiras rea\u00e7\u00f5es de quem passava pelas ruas de Fortaleza (uma das principais cidades da regi\u00e3o Nordeste do Brasil). As cores estavam vivas, caminhando pela cidade. Numa grande brincadeira com a cor [&hellip;]<\/p>\n","protected":false},"author":1,"featured_media":0,"comment_status":"open","ping_status":"open","sticky":false,"template":"","format":"standard","meta":[],"categories":[70,69],"tags":[12,11,20],"_links":{"self":[{"href":"http:\/\/balbucio.com\/index.php?rest_route=\/wp\/v2\/posts\/293"}],"collection":[{"href":"http:\/\/balbucio.com\/index.php?rest_route=\/wp\/v2\/posts"}],"about":[{"href":"http:\/\/balbucio.com\/index.php?rest_route=\/wp\/v2\/types\/post"}],"author":[{"embeddable":true,"href":"http:\/\/balbucio.com\/index.php?rest_route=\/wp\/v2\/users\/1"}],"replies":[{"embeddable":true,"href":"http:\/\/balbucio.com\/index.php?rest_route=%2Fwp%2Fv2%2Fcomments&post=293"}],"version-history":[{"count":21,"href":"http:\/\/balbucio.com\/index.php?rest_route=\/wp\/v2\/posts\/293\/revisions"}],"predecessor-version":[{"id":507,"href":"http:\/\/balbucio.com\/index.php?rest_route=\/wp\/v2\/posts\/293\/revisions\/507"}],"wp:attachment":[{"href":"http:\/\/balbucio.com\/index.php?rest_route=%2Fwp%2Fv2%2Fmedia&parent=293"}],"wp:term":[{"taxonomy":"category","embeddable":true,"href":"http:\/\/balbucio.com\/index.php?rest_route=%2Fwp%2Fv2%2Fcategories&post=293"},{"taxonomy":"post_tag","embeddable":true,"href":"http:\/\/balbucio.com\/index.php?rest_route=%2Fwp%2Fv2%2Ftags&post=293"}],"curies":[{"name":"wp","href":"https:\/\/api.w.org\/{rel}","templated":true}]}}