{"id":1796,"date":"2013-08-11T17:21:28","date_gmt":"2013-08-11T17:21:28","guid":{"rendered":"http:\/\/balbucio.com\/?p=1796"},"modified":"2013-09-09T00:50:58","modified_gmt":"2013-09-09T00:50:58","slug":"articulacoes","status":"publish","type":"post","link":"http:\/\/balbucio.com\/?p=1796","title":{"rendered":"Articula\u00e7\u00f5es &#8211; I Semin\u00e1rio Balbucio de Arte Contempor\u00e2nea"},"content":{"rendered":"<p>Data: 14 a 16\/06\/2005<br \/>\nLocal: Audit\u00f3rio da Biblioteca do Centro de Ci\u00eancias Humanas da UFC<\/p>\n<p>O semin\u00e1rio \u00e9 uma das atividades comemorativas aos 40 Anos do Curso de Comunica\u00e7\u00e3o Social da UFC e \u00e9 promovido pelo Projeto Balbucio, coletivo de artistas e n\u00facleo de estudo e experimenta\u00e7\u00e3o em torno da arte atual, em especial daquilo que, nela, tange ao corpo e suas possibilidades expressivas.<br \/>\nEm sua primeira vers\u00e3o, o semin\u00e1rio tra\u00e7a um panorama geral da arte contempor\u00e2nea e de seus temas de interesse mais centrais: modos de representa\u00e7\u00e3o, mem\u00f3ria e tradi\u00e7\u00e3o, o corpo como mat\u00e9ria de express\u00e3o e conte\u00fado, pol\u00edticas p\u00fablico de incentivo \u00e0 produ\u00e7\u00e3o e consumo de arte.<\/p>\n<p>Programa\u00e7\u00e3o<br \/>\nDIA 14 (TER\u00c7A-FEIRA)<br \/>\n19h \u00e0s 20h &#8211; Alexandre Barbalho (Funcet)<br \/>\n20h15 \u00e0s 21h15 &#8211; Silas de Paula (Comunica\u00e7\u00e3o Social UFC \/ i-foto)<\/p>\n<p>DIA 15 (QUARTA-FEIRA)<br \/>\n19h \u00e0s 20h &#8211; Ismael Pordeus (Ci\u00eancias Sociais UFC \/ LEO)<br \/>\n20h15 \u00e0s 21h15 &#8211; Wellington Junior (Comunica\u00e7\u00e3o Social UFC \/ LEO \/ [bawbu\u2019siu])<\/p>\n<p>DIA 16 (QUINTA-FEIRA)<br \/>\n19h \u00e0s 20h &#8211; Dodora Guimar\u00e3es (Secult)<br \/>\n20h15 \u00e0s 21h15 &#8211; Gilmar de Carvalho (Comunica\u00e7\u00e3o Social UFC \/ LEO)<\/p>\n<p><iframe loading=\"lazy\" width=\"449\" height=\"337\" src=\"http:\/\/www.youtube.com\/embed\/Xs7IyqZDiOE?feature=oembed\" frameborder=\"0\" allowfullscreen><\/iframe><\/p>\n<p>Concep\u00e7\u00e3o: Projeto Balbucio<br \/>\nCategoria: Projeto, evento, semin\u00e1rio<\/p>\n<p>Produ\u00e7\u00e3o: Wellington Junior, Dadylla Rabelo, Flavia Salcedo, Tobias Sandino<\/p>\n<p>Registro<br \/>\nfotogr\u00e1fico: Jo\u00e3o Vilnei, Tobias Gaede<br \/>\naudiovisual: Jo\u00e3o Vilnei, Tobias Gaede<\/p>\n","protected":false},"excerpt":{"rendered":"<p>Data: 14 a 16\/06\/2005 Local: Audit\u00f3rio da Biblioteca do Centro de Ci\u00eancias Humanas da UFC O semin\u00e1rio \u00e9 uma das atividades comemorativas aos 40 Anos do Curso de Comunica\u00e7\u00e3o Social da UFC e \u00e9 promovido pelo Projeto Balbucio, coletivo de artistas e n\u00facleo de estudo e experimenta\u00e7\u00e3o em torno da arte atual, em especial daquilo [&hellip;]<\/p>\n","protected":false},"author":1,"featured_media":0,"comment_status":"open","ping_status":"open","sticky":false,"template":"","format":"standard","meta":[],"categories":[72,69],"tags":[48,46,47,15],"_links":{"self":[{"href":"http:\/\/balbucio.com\/index.php?rest_route=\/wp\/v2\/posts\/1796"}],"collection":[{"href":"http:\/\/balbucio.com\/index.php?rest_route=\/wp\/v2\/posts"}],"about":[{"href":"http:\/\/balbucio.com\/index.php?rest_route=\/wp\/v2\/types\/post"}],"author":[{"embeddable":true,"href":"http:\/\/balbucio.com\/index.php?rest_route=\/wp\/v2\/users\/1"}],"replies":[{"embeddable":true,"href":"http:\/\/balbucio.com\/index.php?rest_route=%2Fwp%2Fv2%2Fcomments&post=1796"}],"version-history":[{"count":19,"href":"http:\/\/balbucio.com\/index.php?rest_route=\/wp\/v2\/posts\/1796\/revisions"}],"predecessor-version":[{"id":4532,"href":"http:\/\/balbucio.com\/index.php?rest_route=\/wp\/v2\/posts\/1796\/revisions\/4532"}],"wp:attachment":[{"href":"http:\/\/balbucio.com\/index.php?rest_route=%2Fwp%2Fv2%2Fmedia&parent=1796"}],"wp:term":[{"taxonomy":"category","embeddable":true,"href":"http:\/\/balbucio.com\/index.php?rest_route=%2Fwp%2Fv2%2Fcategories&post=1796"},{"taxonomy":"post_tag","embeddable":true,"href":"http:\/\/balbucio.com\/index.php?rest_route=%2Fwp%2Fv2%2Ftags&post=1796"}],"curies":[{"name":"wp","href":"https:\/\/api.w.org\/{rel}","templated":true}]}}