{"id":1773,"date":"2013-08-11T16:46:05","date_gmt":"2013-08-11T16:46:05","guid":{"rendered":"http:\/\/balbucio.com\/?p=1773"},"modified":"2013-09-04T18:50:12","modified_gmt":"2013-09-04T18:50:12","slug":"requiem-papaimamae","status":"publish","type":"post","link":"http:\/\/balbucio.com\/?p=1773","title":{"rendered":"R\u00e9quiem &#8211; Papaimam\u00e3e"},"content":{"rendered":"<p>Data: 11\/11\/2009<br \/>\nLocal: Casa da Bela Vista<br \/>\nEvento: R\u00e9quiem para meus pais<\/p>\n<p>Ao por do sol do primeiro dia da Chanuk\u00e1 (festa da luzes judaica), narrei, sob luz de lanternas a pilha de meu pai e de telefones m\u00f3veis dos participantes, hist\u00f3rias de vida a partir de uma s\u00e9rie de objetos dos meus pais justapostos em pares. Cada pessoa carregava seu telefone m\u00f3vel e eu, com uma lanterna, iluminava estes pares de objetos distribu\u00eddos pela casa enquanto falava deles. Problema de sintaxe. Mem\u00f3ria. Psican\u00e1lise.<\/p>\n<p>&nbsp;<\/p>\n<p># 1: grau zero \/ c\u00f3pula<\/p>\n<p>(espingarda e ter\u00e7o)<\/p>\n<p># 2: Identidades<\/p>\n<p>(carteiras de identidade)<\/p>\n<p># 3: festa<\/p>\n<p>(Terno Valentino e Vestido Azul)<\/p>\n<p># 4: M\u00e1quinas de afeto<\/p>\n<p>(m\u00e1quina de escrever\/ m\u00e1quina de costura)<\/p>\n<p># 4: par perfeito<\/p>\n<p>(Foto do Casamento)<\/p>\n<p># 5: de-para<\/p>\n<p>(correspond\u00eancias)<\/p>\n<p># 6: in<\/p>\n<p>(Anel de formatura do papai entre os an\u00e9is da mam\u00e3e \/ Colar de p\u00e9rolas da mam\u00e3e dentro de uma caixa cir\u00fargica do papai)<\/p>\n<p># 7: m\u00e3os<\/p>\n<p>(Instrumentos odontol\u00f3gicos do papai e tesoura de cabelo da mam\u00e3e)<\/p>\n<p># 8: causa vitae<\/p>\n<p>(exames m\u00e9dicos)<\/p>\n<p># 9: Certid\u00e3o de \u00f3bito<\/p>\n<p>(certid\u00f5es de \u00f3bito)<\/p>\n<p># 10: heran\u00e7a<\/p>\n<p>(Fotos de formatura)<\/p>\n<p>&nbsp;<\/p>\n<p>Sobre o &#8220;R\u00e9quiem para meus pais&#8221;<\/p>\n<p>No ano de 2009, desenvolvi, de in\u00edcio, solitariamente, e depois, em colabora\u00e7\u00e3o com o Projeto Balbucio e outros artistas uma s\u00e9rie de trabalhos de natureza perform\u00e1tica e instalativa que compuseram um r\u00e9quiem (homenagem aos mortos). Depois da morte da minha m\u00e3e, especialmente depois que meus irm\u00e3os e eu tivemos de organizar os objetos pessoais deixados por ela. Ali, v\u00e1rias ideias me ocorreram. Resolvi ent\u00e3o selecionar cinco ideias e fazer um \u201cR\u00e9quiem para meus pais\u201d.<\/p>\n<p>Tento refletir, a partir dos objetos pessoais dos dois, estes deposit\u00f3rios de mem\u00f3ria afetiva, as id\u00e9ias de vida e morte, eros e tanatos, dor, perda e renascimento.<\/p>\n<p>Parece m\u00f3rbido ou arte de div\u00e3. Talvez seja tudo isso. E por que a (minha) arte deveria evitar tais quest\u00f5es? \u00c9 estranho o modo como lidamos com a dor e a morte: negando-as. Todavia, nada \u00e9 mais natural ao homem \u2013 n\u00e3o o fato de sentir dor ou morrer, coisa a que outras formas de vida tamb\u00e9m est\u00e3o sujeitas \u2013, mas a consci\u00eancia delas.<\/p>\n<p>Concep\u00e7\u00e3o: Wellington Jr. (Tutunho)<\/p>\n<p>Categoria: Performance<\/p>\n<p>Assist\u00eancia de dire\u00e7\u00e3o: Andr\u00e9 Quintino, Chris Salas, Tobias Gaede<\/p>\n<p>Produ\u00e7\u00e3o: Projeto Balbucio, Antonio Gilberto Ramos Nogueira, Neile de Oliveira Castro Lima<\/p>\n<p>Ensaios fotogr\u00e1ficos: Analice Diniz, Antonio Gilberto Ramos Nogueira, C\u00e2ndido Filho, Chris Salas, Iana Soares, Igor Gazianno, Janaina Ribeiro, Lara Vasconcelos, Wellington Jr. (Tutunho)<\/p>\n<p>V\u00eddeos: Andr\u00e9 Quintino, Beatriz Furtado, Chris Salas, Francisco Peres, Tobias Gaede, Wellington Jr. (Tutunho)<\/p>\n<p>Webdesign: Andr\u00e9 Quintino, C\u00e2ndido Filho, Rafael Salvador<\/p>\n<p>&nbsp;<\/p>\n","protected":false},"excerpt":{"rendered":"<p>Data: 11\/11\/2009 Local: Casa da Bela Vista Evento: R\u00e9quiem para meus pais Ao por do sol do primeiro dia da Chanuk\u00e1 (festa da luzes judaica), narrei, sob luz de lanternas a pilha de meu pai e de telefones m\u00f3veis dos participantes, hist\u00f3rias de vida a partir de uma s\u00e9rie de objetos dos meus pais justapostos [&hellip;]<\/p>\n","protected":false},"author":1,"featured_media":0,"comment_status":"open","ping_status":"open","sticky":false,"template":"","format":"standard","meta":[],"categories":[75,69],"tags":[20,65],"_links":{"self":[{"href":"http:\/\/balbucio.com\/index.php?rest_route=\/wp\/v2\/posts\/1773"}],"collection":[{"href":"http:\/\/balbucio.com\/index.php?rest_route=\/wp\/v2\/posts"}],"about":[{"href":"http:\/\/balbucio.com\/index.php?rest_route=\/wp\/v2\/types\/post"}],"author":[{"embeddable":true,"href":"http:\/\/balbucio.com\/index.php?rest_route=\/wp\/v2\/users\/1"}],"replies":[{"embeddable":true,"href":"http:\/\/balbucio.com\/index.php?rest_route=%2Fwp%2Fv2%2Fcomments&post=1773"}],"version-history":[{"count":11,"href":"http:\/\/balbucio.com\/index.php?rest_route=\/wp\/v2\/posts\/1773\/revisions"}],"predecessor-version":[{"id":3454,"href":"http:\/\/balbucio.com\/index.php?rest_route=\/wp\/v2\/posts\/1773\/revisions\/3454"}],"wp:attachment":[{"href":"http:\/\/balbucio.com\/index.php?rest_route=%2Fwp%2Fv2%2Fmedia&parent=1773"}],"wp:term":[{"taxonomy":"category","embeddable":true,"href":"http:\/\/balbucio.com\/index.php?rest_route=%2Fwp%2Fv2%2Fcategories&post=1773"},{"taxonomy":"post_tag","embeddable":true,"href":"http:\/\/balbucio.com\/index.php?rest_route=%2Fwp%2Fv2%2Ftags&post=1773"}],"curies":[{"name":"wp","href":"https:\/\/api.w.org\/{rel}","templated":true}]}}