{"id":1767,"date":"2013-08-11T16:42:58","date_gmt":"2013-08-11T16:42:58","guid":{"rendered":"http:\/\/balbucio.com\/?p=1767"},"modified":"2013-09-04T18:48:04","modified_gmt":"2013-09-04T18:48:04","slug":"requiem-lamentos-da-cova","status":"publish","type":"post","link":"http:\/\/balbucio.com\/?p=1767","title":{"rendered":"R\u00e9quiem &#8211; Lamentos da Cova"},"content":{"rendered":"<p>Data: 02\/11\/2009<br \/>\nLocal: Cemit\u00e9rio S\u00e3o Jo\u00e3o Batista (Fortaleza &#8211; CE)<br \/>\nEvento: R\u00e9quiem para meus pais<\/p>\n<p>Na alvorada do dia de finados, cantei, \u00e0 beira do t\u00famulo de meus pais, as m\u00fasicas que, segundo minha mem\u00f3ria e de meus irm\u00e3os, s\u00e3o as mais emblem\u00e1ticas da hist\u00f3ria de vida deles. Essas m\u00fasicas foram gravadas e, agora, est\u00e3o em processo de remixagem feita por m\u00fasicos profissionais e que trabalhem com m\u00fasica experimental. Refer\u00eancia: carpideiras.<\/p>\n<p>Sobre o &#8220;R\u00e9quiem para meus pais&#8221;<\/p>\n<p>No ano de 2009, desenvolvi, de in\u00edcio, solitariamente, e depois, em colabora\u00e7\u00e3o com o Projeto Balbucio e outros artistas uma s\u00e9rie de trabalhos de natureza perform\u00e1tica e instalativa que compuseram um r\u00e9quiem (homenagem aos mortos). Depois da morte da minha m\u00e3e, especialmente depois que meus irm\u00e3os e eu tivemos de organizar os objetos pessoais deixados por ela. Ali, v\u00e1rias ideias me ocorreram. Resolvi ent\u00e3o selecionar cinco ideias e fazer um \u201cR\u00e9quiem para meus pais\u201d.<\/p>\n<p>Tento refletir, a partir dos objetos pessoais dos dois, estes deposit\u00f3rios de mem\u00f3ria afetiva, as id\u00e9ias de vida e morte, eros e tanatos, dor, perda e renascimento.<\/p>\n<p>Parece m\u00f3rbido ou arte de div\u00e3. Talvez seja tudo isso. E por que a (minha) arte deveria evitar tais quest\u00f5es? \u00c9 estranho o modo como lidamos com a dor e a morte: negando-as. Todavia, nada \u00e9 mais natural ao homem \u2013 n\u00e3o o fato de sentir dor ou morrer, coisa a que outras formas de vida tamb\u00e9m est\u00e3o sujeitas \u2013, mas a consci\u00eancia delas.<\/p>\n<p>Concep\u00e7\u00e3o: Wellington Jr. (Tutunho)<\/p>\n<p>Categoria: Performance<\/p>\n<p>Assist\u00eancia de dire\u00e7\u00e3o: Andr\u00e9 Quintino, Chris Salas, Tobias Gaede<\/p>\n<p>Produ\u00e7\u00e3o: Projeto Balbucio, Antonio Gilberto Ramos Nogueira, Neile de Oliveira Castro Lima<\/p>\n<p>Ensaios fotogr\u00e1ficos: Analice Diniz, Antonio Gilberto Ramos Nogueira, C\u00e2ndido Filho, Chris Salas, Iana Soares, Igor Gazianno, Janaina Ribeiro, Lara Vasconcelos, Wellington Jr. (Tutunho)<\/p>\n<p>V\u00eddeos: Andr\u00e9 Quintino, Beatriz Furtado, Chris Salas, Francisco Peres, Tobias Gaede, Wellington Jr. (Tutunho)<\/p>\n<p>Webdesign: Andr\u00e9 Quintino, C\u00e2ndido Filho, Rafael Salvador<\/p>\n<p>&nbsp;<\/p>\n","protected":false},"excerpt":{"rendered":"<p>Data: 02\/11\/2009 Local: Cemit\u00e9rio S\u00e3o Jo\u00e3o Batista (Fortaleza &#8211; CE) Evento: R\u00e9quiem para meus pais Na alvorada do dia de finados, cantei, \u00e0 beira do t\u00famulo de meus pais, as m\u00fasicas que, segundo minha mem\u00f3ria e de meus irm\u00e3os, s\u00e3o as mais emblem\u00e1ticas da hist\u00f3ria de vida deles. Essas m\u00fasicas foram gravadas e, agora, est\u00e3o [&hellip;]<\/p>\n","protected":false},"author":1,"featured_media":0,"comment_status":"open","ping_status":"open","sticky":false,"template":"","format":"standard","meta":[],"categories":[75,69],"tags":[20,65],"_links":{"self":[{"href":"http:\/\/balbucio.com\/index.php?rest_route=\/wp\/v2\/posts\/1767"}],"collection":[{"href":"http:\/\/balbucio.com\/index.php?rest_route=\/wp\/v2\/posts"}],"about":[{"href":"http:\/\/balbucio.com\/index.php?rest_route=\/wp\/v2\/types\/post"}],"author":[{"embeddable":true,"href":"http:\/\/balbucio.com\/index.php?rest_route=\/wp\/v2\/users\/1"}],"replies":[{"embeddable":true,"href":"http:\/\/balbucio.com\/index.php?rest_route=%2Fwp%2Fv2%2Fcomments&post=1767"}],"version-history":[{"count":11,"href":"http:\/\/balbucio.com\/index.php?rest_route=\/wp\/v2\/posts\/1767\/revisions"}],"predecessor-version":[{"id":3451,"href":"http:\/\/balbucio.com\/index.php?rest_route=\/wp\/v2\/posts\/1767\/revisions\/3451"}],"wp:attachment":[{"href":"http:\/\/balbucio.com\/index.php?rest_route=%2Fwp%2Fv2%2Fmedia&parent=1767"}],"wp:term":[{"taxonomy":"category","embeddable":true,"href":"http:\/\/balbucio.com\/index.php?rest_route=%2Fwp%2Fv2%2Fcategories&post=1767"},{"taxonomy":"post_tag","embeddable":true,"href":"http:\/\/balbucio.com\/index.php?rest_route=%2Fwp%2Fv2%2Ftags&post=1767"}],"curies":[{"name":"wp","href":"https:\/\/api.w.org\/{rel}","templated":true}]}}