{"id":1740,"date":"2013-08-11T16:10:03","date_gmt":"2013-08-11T16:10:03","guid":{"rendered":"http:\/\/balbucio.com\/?p=1740"},"modified":"2013-09-08T19:50:28","modified_gmt":"2013-09-08T19:50:28","slug":"96010033518-por-onde-anda-a-luz","status":"publish","type":"post","link":"http:\/\/balbucio.com\/?p=1740","title":{"rendered":"96010033518 (Por onde anda a luz)"},"content":{"rendered":"<p>Data: 24\/6\/2008<br \/>\nLocal: Entrada do Teatro Jos\u00e9 de Alencar, Fortaleza, CE, Brasil<\/p>\n<p>O processo por mim adotado \u00e9 simples: vou at\u00e9 um traseunte. Pe\u00e7o-lhe a sombra, que me deixe desenh\u00e1-la no ch\u00e3o, apenas a silhueta de sua figura. Pe\u00e7o-lhe que, caso concorde, fique im\u00f3vel por alguns instantes e deixe que eu marque essa imagem com giz branco, aquele para quadro negro. Essa silhueta \u00e9 preenchida com n\u00fameros que seguem numa linha em espiral partindo da borda ao centro, do que corresponde aos p\u00e9s na figura e seguindo para cima. N\u00e3o \u00e9 necess\u00e1rio especificar a origem dos n\u00fameros, basta que tenham correspond\u00eancia com a vida: a pr\u00f3pria idade, a data de algum evento marcante, placas, senhas, c\u00f3digos.<\/p>\n<p>Cada detalhe dobra e curva \u00e9 preenchida por eles, n\u00fameros do corpo: medidas, peso, altura, idade; n\u00fameros da lembran\u00e7a: datas significativas, momentos com hora e dia nunca esquecidos; n\u00fameros de liga\u00e7\u00e3o com a cidade: registro geral, cadastro de pessoa f\u00edsica, t\u00edtulo de eleitor, carteira de habilita\u00e7\u00e3o. Todos parecem os mesmos quando colocados enfileirados ao longo da forma, seguindo o tra\u00e7ado, numa linha \u00fanica em dire\u00e7\u00e3o ao centro at\u00e9 alcan\u00e7arem a si mesmos, indo e vindo como v\u00e3o e v\u00eam todos que caminham pela cidade. Apago as marcas do primeiro giz. S\u00f3 o preto da cera permanece.<\/p>\n<p>O processo se repete, o momento de parar depende do n\u00famero de pessoas dispostas a deixar sua marca. \u00c9 importante que sejam volunt\u00e1rios como moradores ou frequentadores cotidianos, basta que estejam no momento da a\u00e7\u00e3o, que cumpram seu papel na narrativa que se constr\u00f3i a medida que aquele recorte temporal acontece.<\/p>\n<p>Recorto as sombras dividindo-as do corpo, desabilitando seu car\u00e1ter de contiguidade, procurando reavaliar a vis\u00e3o dos corpos sobre a pedra. N\u00fameros desenhados com giz no ch\u00e3o da pra\u00e7a Jos\u00e9 de Alencar \u201ctranscrevendo\u201d a sombra de pessoas na pra\u00e7a.<\/p>\n<p>Poderia ser qualquer espa\u00e7o urbano (\u00e9 interessante que seja). A escolha da pra\u00e7a Jos\u00e9 de Alencar se deve a uma particularidade desse espa\u00e7o: em frente ao mais importante teatro da capital, desde muito tempo, os chamados artistas de rua dividiam espa\u00e7o com religiosos, engraxates, camel\u00f4s, ambulantes e mais alguns trabalhadores informais, dividiam espa\u00e7o, inclusive, com os v\u00e1rios artistas: m\u00fasicos, atores, dentre outros, que se apresentam no teatro hom\u00f4nimo a pra\u00e7a. Todos, em frente ao pr\u00e9dio hist\u00f3rico, tentam chamar a aten\u00e7\u00e3o de uma plateia um tanto desinteressada e apressada demais, um tanto disposta a doar minutos para toda sorte de apresenta\u00e7\u00f5es, discursos e produtos populares anunciados a todos. O espa\u00e7o da pra\u00e7a \u00e9 o palco.<\/p>\n<p>Concep\u00e7\u00e3o: Edmilson Jr (Juin)<br \/>\nCategoria: Performance \/ Instala\u00e7\u00e3o<br \/>\nPerformers: autor e p\u00fablico<\/p>\n<p>Produ\u00e7\u00e3o: Andr\u00e9 Lopes (Jedi), Edmilson Jr (Juin), Rodolfo Batista Viana e Marcos Mauro Barreto<\/p>\n<p>Registro<br \/>\nfotogr\u00e1fico: Andr\u00e9 Lopes (Jedi)<br \/>\naudiovisual: Andr\u00e9 Lopes (Jedi)<\/p>\n","protected":false},"excerpt":{"rendered":"<p>Data: 24\/6\/2008 Local: Entrada do Teatro Jos\u00e9 de Alencar, Fortaleza, CE, Brasil O processo por mim adotado \u00e9 simples: vou at\u00e9 um traseunte. Pe\u00e7o-lhe a sombra, que me deixe desenh\u00e1-la no ch\u00e3o, apenas a silhueta de sua figura. Pe\u00e7o-lhe que, caso concorde, fique im\u00f3vel por alguns instantes e deixe que eu marque essa imagem com [&hellip;]<\/p>\n","protected":false},"author":1,"featured_media":0,"comment_status":"open","ping_status":"open","sticky":false,"template":"","format":"standard","meta":[],"categories":[74,69],"tags":[15],"_links":{"self":[{"href":"http:\/\/balbucio.com\/index.php?rest_route=\/wp\/v2\/posts\/1740"}],"collection":[{"href":"http:\/\/balbucio.com\/index.php?rest_route=\/wp\/v2\/posts"}],"about":[{"href":"http:\/\/balbucio.com\/index.php?rest_route=\/wp\/v2\/types\/post"}],"author":[{"embeddable":true,"href":"http:\/\/balbucio.com\/index.php?rest_route=\/wp\/v2\/users\/1"}],"replies":[{"embeddable":true,"href":"http:\/\/balbucio.com\/index.php?rest_route=%2Fwp%2Fv2%2Fcomments&post=1740"}],"version-history":[{"count":13,"href":"http:\/\/balbucio.com\/index.php?rest_route=\/wp\/v2\/posts\/1740\/revisions"}],"predecessor-version":[{"id":3984,"href":"http:\/\/balbucio.com\/index.php?rest_route=\/wp\/v2\/posts\/1740\/revisions\/3984"}],"wp:attachment":[{"href":"http:\/\/balbucio.com\/index.php?rest_route=%2Fwp%2Fv2%2Fmedia&parent=1740"}],"wp:term":[{"taxonomy":"category","embeddable":true,"href":"http:\/\/balbucio.com\/index.php?rest_route=%2Fwp%2Fv2%2Fcategories&post=1740"},{"taxonomy":"post_tag","embeddable":true,"href":"http:\/\/balbucio.com\/index.php?rest_route=%2Fwp%2Fv2%2Ftags&post=1740"}],"curies":[{"name":"wp","href":"https:\/\/api.w.org\/{rel}","templated":true}]}}