{"id":1733,"date":"2013-08-11T15:25:03","date_gmt":"2013-08-11T15:25:03","guid":{"rendered":"http:\/\/balbucio.com\/?p=1733"},"modified":"2013-09-28T10:40:24","modified_gmt":"2013-09-28T10:40:24","slug":"o-essencial-e-saber-ver","status":"publish","type":"post","link":"http:\/\/balbucio.com\/?p=1733","title":{"rendered":"O essencial \u00e9 saber ver"},"content":{"rendered":"<p>Data: 11\/12\/07 a 14\/12\/07<br \/>\nLocal: Pra\u00e7a Cl\u00f3vis Bevilaqua (Brasil &#8211; Cear\u00e1 &#8211; Fortaleza)<\/p>\n<p>Na Pra\u00e7a Cl\u00f3vis Bevilaqua (Fortaleza &#8211; Ce) foram dispostos 163 canos de PVC brancos de 10 cent\u00edmetros de di\u00e2metro, com comprimentos variando entre 30 cent\u00edmetros a 1 metro. Os canos estavam em p\u00e9, na posi\u00e7\u00e3o vertical, dispostos em dois blocos que ocupavam uma \u00e1rea de aproximadamente 50 m\u00b2. O local de exposi\u00e7\u00e3o desses cilindros recebia diretamente a luz do sol, e a sombra deles metamorfoseava-se com o passar das horas. Durante o dia, existam dois momentos especiais. No primeiro, \u00e0s 8 horas da manh\u00e3, as sombras dos canos do primeiro bloco alinhavam-se de tal forma, que revelam, por alguns minutos, a frase: \u201cO ESSENCIAL\u201d. No segundo momento, \u00e0s 15 horas, as sombras do segundo bloco completavam a escrita com: \u201c\u00c9 SABER VER\u201d. Durante quatro dias os versos do poema \u201cO que n\u00f3s vemos\u201d de Alberto Caeiro, um dos heter\u00f4nimos de Fernando Pessoa, foram escritos e apagados dia ap\u00f3s dia.<\/p>\n<p><iframe loading=\"lazy\" src=\"\/\/www.youtube.com\/embed\/N9My7YPWJRg\" height=\"338\" width=\"450\" allowfullscreen=\"\" frameborder=\"0\"><\/iframe><\/p>\n<p>Concep\u00e7\u00e3o: Andr\u00e9 Lopes (Jedi)<br \/>\nCategoria: Instala\u00e7\u00e3o<\/p>\n<p>Produ\u00e7\u00e3o: Adalberto Lopes e Andr\u00e9 Lopes (Jedi)<br \/>\nMontagem: Adalberto Lopes, Andr\u00e9 Lopes (Jedi), Edmilson Jr (Juin) e estudantes da Escola de Audiovisual (Vila das Artes)<br \/>\nMaterial: Canos de PVC e compensados de madeira<\/p>\n<p>Registro<br \/>\nfotogr\u00e1fico: Fred Benevides<br \/>\naudiovisual: Fred Benevides<\/p>\n<p>Conte\u00fados relacionados:<br \/>\n&#8211; <a title=\"Vers\u00e3o reduzida da monografia sobre o projeto O essencial \u00e9 saber ver\" href=\"https:\/\/docs.google.com\/file\/d\/0B_VuFgbfBQNQMjMxNzM3YzMtZTVkMi00ZWMxLWI5YWUtYzljMGExYmZmMmEx\/edit?usp=drive_web&amp;hl=pt_BR#\" target=\"_blank\">Vers\u00e3o reduzida da monografia sobre o projeto O essencial \u00e9 saber ver<\/a><br \/>\n&#8211; <a title=\"Maquete digital 1\" href=\"http:\/\/www.youtube.com\/watch?v=o9R-ORDzw8U\" target=\"_blank\">Maquete digital do bloco de texto &#8220;O ESSENCIAL&#8221;<\/a><br \/>\n&#8211; <a title=\"Maquete digital 2\" href=\"http:\/\/www.youtube.com\/watch?v=ko7X9TDQcTs\" target=\"_blank\">Maquete digital do bloco de texto &#8220;\u00c9 SABER VER&#8221;<\/a><br \/>\n&#8211; <a title=\"Maquete digital do alfabeto com sombra\" href=\"http:\/\/www.youtube.com\/watch?v=uGP15i0D9e0\" target=\"_blank\">Maquete digital do alfabeto com sombras<\/a><\/p>\n","protected":false},"excerpt":{"rendered":"<p>Data: 11\/12\/07 a 14\/12\/07 Local: Pra\u00e7a Cl\u00f3vis Bevilaqua (Brasil &#8211; Cear\u00e1 &#8211; Fortaleza) Na Pra\u00e7a Cl\u00f3vis Bevilaqua (Fortaleza &#8211; Ce) foram dispostos 163 canos de PVC brancos de 10 cent\u00edmetros de di\u00e2metro, com comprimentos variando entre 30 cent\u00edmetros a 1 metro. Os canos estavam em p\u00e9, na posi\u00e7\u00e3o vertical, dispostos em dois blocos que ocupavam [&hellip;]<\/p>\n","protected":false},"author":1,"featured_media":0,"comment_status":"open","ping_status":"open","sticky":false,"template":"","format":"standard","meta":[],"categories":[73,69],"tags":[49,21,20],"_links":{"self":[{"href":"http:\/\/balbucio.com\/index.php?rest_route=\/wp\/v2\/posts\/1733"}],"collection":[{"href":"http:\/\/balbucio.com\/index.php?rest_route=\/wp\/v2\/posts"}],"about":[{"href":"http:\/\/balbucio.com\/index.php?rest_route=\/wp\/v2\/types\/post"}],"author":[{"embeddable":true,"href":"http:\/\/balbucio.com\/index.php?rest_route=\/wp\/v2\/users\/1"}],"replies":[{"embeddable":true,"href":"http:\/\/balbucio.com\/index.php?rest_route=%2Fwp%2Fv2%2Fcomments&post=1733"}],"version-history":[{"count":23,"href":"http:\/\/balbucio.com\/index.php?rest_route=\/wp\/v2\/posts\/1733\/revisions"}],"predecessor-version":[{"id":5396,"href":"http:\/\/balbucio.com\/index.php?rest_route=\/wp\/v2\/posts\/1733\/revisions\/5396"}],"wp:attachment":[{"href":"http:\/\/balbucio.com\/index.php?rest_route=%2Fwp%2Fv2%2Fmedia&parent=1733"}],"wp:term":[{"taxonomy":"category","embeddable":true,"href":"http:\/\/balbucio.com\/index.php?rest_route=%2Fwp%2Fv2%2Fcategories&post=1733"},{"taxonomy":"post_tag","embeddable":true,"href":"http:\/\/balbucio.com\/index.php?rest_route=%2Fwp%2Fv2%2Ftags&post=1733"}],"curies":[{"name":"wp","href":"https:\/\/api.w.org\/{rel}","templated":true}]}}