{"id":1595,"date":"2013-08-08T17:28:23","date_gmt":"2013-08-08T17:28:23","guid":{"rendered":"http:\/\/balbucio.com\/?p=1595"},"modified":"2013-09-06T13:57:46","modified_gmt":"2013-09-06T13:57:46","slug":"cores-berrantes-2","status":"publish","type":"post","link":"http:\/\/balbucio.com\/?p=1595","title":{"rendered":"Cores Berrantes 3"},"content":{"rendered":"<p>Data: 1\/4\/2006<br \/>\nLocal: Centro de Humanidades I &#8211; UFC<br \/>\nEvento: <a title=\"ETC. Rapadura \u2013 II Semin\u00e1rio Balbucio de Arte Contempor\u00e2nea\" href=\"http:\/\/balbucio.com\/?p=1799\" target=\"_blank\">II Semin\u00e1rio Balbucio de Arte Contempor\u00e2nea &#8211; Etc Rapadura<\/a><\/p>\n<p>Espanto e estranhamento eram as primeiras rea\u00e7\u00f5es de quem passava pelas ruas de Fortaleza (uma das principais cidades da regi\u00e3o Nordeste do Brasil). As cores estavam vivas, caminhando pela cidade. Numa grande brincadeira com a cor e os caminhos por onde a gente percorre todos os dias, a performance Cores Berrantes trouxe bom humor e o envolvimento com o p\u00fablico. Vestidos com macac\u00f5es amarelo, verde, laranja, azul e vermelho, os performers conseguiam interagir com os passantes apenas com a presen\u00e7a colorida.<br \/>\nA performance Cores Berrantes experimenta o espa\u00e7o urbano, interagindo com pessoas em seus cotidianos. As cores que avisam, informam, chamam a aten\u00e7\u00e3o, agora est\u00e3o vivas convidando a perceber sua exist\u00eancia.<\/p>\n<p>Concep\u00e7\u00e3o: Jo\u00e3o Vilnei<br \/>\nCategoria: Performance<br \/>\nPerformers: Andr\u00e9 Lopes (Jedi), Jo\u00e3o Vilnei, Tobias Gaede<\/p>\n<p>Produ\u00e7\u00e3o<br \/>\nMaterial: Macac\u00e3o de elanca e acess\u00f3rios coloridos<br \/>\nFigurino: Thalles Walker e Raquel Geller<\/p>\n","protected":false},"excerpt":{"rendered":"<p>Data: 1\/4\/2006 Local: Centro de Humanidades I &#8211; UFC Evento: II Semin\u00e1rio Balbucio de Arte Contempor\u00e2nea &#8211; Etc Rapadura Espanto e estranhamento eram as primeiras rea\u00e7\u00f5es de quem passava pelas ruas de Fortaleza (uma das principais cidades da regi\u00e3o Nordeste do Brasil). As cores estavam vivas, caminhando pela cidade. Numa grande brincadeira com a cor [&hellip;]<\/p>\n","protected":false},"author":1,"featured_media":0,"comment_status":"open","ping_status":"open","sticky":false,"template":"","format":"standard","meta":[],"categories":[72,69],"tags":[11,55,20,15],"_links":{"self":[{"href":"http:\/\/balbucio.com\/index.php?rest_route=\/wp\/v2\/posts\/1595"}],"collection":[{"href":"http:\/\/balbucio.com\/index.php?rest_route=\/wp\/v2\/posts"}],"about":[{"href":"http:\/\/balbucio.com\/index.php?rest_route=\/wp\/v2\/types\/post"}],"author":[{"embeddable":true,"href":"http:\/\/balbucio.com\/index.php?rest_route=\/wp\/v2\/users\/1"}],"replies":[{"embeddable":true,"href":"http:\/\/balbucio.com\/index.php?rest_route=%2Fwp%2Fv2%2Fcomments&post=1595"}],"version-history":[{"count":15,"href":"http:\/\/balbucio.com\/index.php?rest_route=\/wp\/v2\/posts\/1595\/revisions"}],"predecessor-version":[{"id":1597,"href":"http:\/\/balbucio.com\/index.php?rest_route=\/wp\/v2\/posts\/1595\/revisions\/1597"}],"wp:attachment":[{"href":"http:\/\/balbucio.com\/index.php?rest_route=%2Fwp%2Fv2%2Fmedia&parent=1595"}],"wp:term":[{"taxonomy":"category","embeddable":true,"href":"http:\/\/balbucio.com\/index.php?rest_route=%2Fwp%2Fv2%2Fcategories&post=1595"},{"taxonomy":"post_tag","embeddable":true,"href":"http:\/\/balbucio.com\/index.php?rest_route=%2Fwp%2Fv2%2Ftags&post=1595"}],"curies":[{"name":"wp","href":"https:\/\/api.w.org\/{rel}","templated":true}]}}