{"id":1291,"date":"2013-08-06T17:24:54","date_gmt":"2013-08-06T17:24:54","guid":{"rendered":"http:\/\/balbucio.com\/?p=1291"},"modified":"2013-09-25T14:48:55","modified_gmt":"2013-09-25T14:48:55","slug":"som-encanado","status":"publish","type":"post","link":"http:\/\/balbucio.com\/?p=1291","title":{"rendered":"Som Encanado MAUC"},"content":{"rendered":"<p>Data: 24\/10\/2005<br \/>\nLocal: Museu de Arte da Universidade Federal do Cear\u00e1<br \/>\nEvento: XVII Semana de Comunica\u00e7\u00e3o \u2013 UFC<\/p>\n<p>No canto da sala, uma caixa de madeira com 40 cent\u00edmetros de altura possui seis furos na parte frontal. Dos orif\u00edcios saem tubos de at\u00e9 20 metros de comprimento, que se espalham pelas paredes da sala. Na extremidade dos tubos de PVC (conhecidos como eletroduto de garganta), latinhas de molho de tomate funcionam como caixa ac\u00fastica para melhorar a recep\u00e7\u00e3o do som.<br \/>\nDentro da caixa de madeira um aparelho reproduz o som, que des\u00e1gua nas bocas de lata. O pulso pulsa na forma de poesia, reproduzindo as experimenta\u00e7\u00f5es sonoras do Laborat\u00f3rio de Linguagens Sonoras da universidade PUC-SP. Como possibilidade, a instala\u00e7\u00e3o Som Encanado evidencia os sons produzidos no nosso cotidiano, no nosso corpo, mas tamb\u00e9m, discute o processo de constru\u00e7\u00e3o da poesia experimental a partir dos materiais utilizados na feitura da obra.<\/p>\n<p>Concep\u00e7\u00e3o: Andr\u00e9 Lopes (Jedi)<br \/>\nCategoria: Instala\u00e7\u00e3o<\/p>\n<p>Produ\u00e7\u00e3o: Tobias Gaede e Andr\u00e9 Lopes (Jedi)<br \/>\nMaterial: Eletrodutos de garganta, caixa de madeira, caixas de som e latas de molho de tomate.<br \/>\nMarcenaria: Adalberto Lopes<\/p>\n<p>\u00c1udio<br \/>\nCD1<br \/>\nProjeto Balbucio<br \/>\nArtistas: Callen Le\u00e3o, Christianne Salas, Jedi, Jo\u00e3o Vilnei, Juin, Maria Caram, Marcela Belchior, Tobias Gaede<\/p>\n<p>CD 2<br \/>\nPoesia sonora hoje \u2013 uma antologia internacional<br \/>\nEditor: Philadelpho Menezes<br \/>\nArtistas: CarlFriedrich Claus, Oskar Pastior, Valeri Scherstjanoi, Carlos Estevez, Fabio Doctorovich, Alex Hamburger, Dora Mendes, Milton Ferreira, H\u00e9lio Ziskind, Jamil Jorge, Philadelpho Menezes, Harry Polkinhorn, Jack Foley, Adelle Foley, Karl Young, Michael Basinski, Nathalie Basinski, Jaap Blonk, Enzo Minarelli, Luigi Pasotelli, Maurizio Nanucci.<\/p>\n","protected":false},"excerpt":{"rendered":"<p>Data: 24\/10\/2005 Local: Museu de Arte da Universidade Federal do Cear\u00e1 Evento: XVII Semana de Comunica\u00e7\u00e3o \u2013 UFC No canto da sala, uma caixa de madeira com 40 cent\u00edmetros de altura possui seis furos na parte frontal. Dos orif\u00edcios saem tubos de at\u00e9 20 metros de comprimento, que se espalham pelas paredes da sala. Na [&hellip;]<\/p>\n","protected":false},"author":1,"featured_media":0,"comment_status":"open","ping_status":"open","sticky":false,"template":"","format":"standard","meta":[],"categories":[71,69],"tags":[21,15],"_links":{"self":[{"href":"http:\/\/balbucio.com\/index.php?rest_route=\/wp\/v2\/posts\/1291"}],"collection":[{"href":"http:\/\/balbucio.com\/index.php?rest_route=\/wp\/v2\/posts"}],"about":[{"href":"http:\/\/balbucio.com\/index.php?rest_route=\/wp\/v2\/types\/post"}],"author":[{"embeddable":true,"href":"http:\/\/balbucio.com\/index.php?rest_route=\/wp\/v2\/users\/1"}],"replies":[{"embeddable":true,"href":"http:\/\/balbucio.com\/index.php?rest_route=%2Fwp%2Fv2%2Fcomments&post=1291"}],"version-history":[{"count":18,"href":"http:\/\/balbucio.com\/index.php?rest_route=\/wp\/v2\/posts\/1291\/revisions"}],"predecessor-version":[{"id":1293,"href":"http:\/\/balbucio.com\/index.php?rest_route=\/wp\/v2\/posts\/1291\/revisions\/1293"}],"wp:attachment":[{"href":"http:\/\/balbucio.com\/index.php?rest_route=%2Fwp%2Fv2%2Fmedia&parent=1291"}],"wp:term":[{"taxonomy":"category","embeddable":true,"href":"http:\/\/balbucio.com\/index.php?rest_route=%2Fwp%2Fv2%2Fcategories&post=1291"},{"taxonomy":"post_tag","embeddable":true,"href":"http:\/\/balbucio.com\/index.php?rest_route=%2Fwp%2Fv2%2Ftags&post=1291"}],"curies":[{"name":"wp","href":"https:\/\/api.w.org\/{rel}","templated":true}]}}